{"id":981,"date":"2012-12-11T17:44:50","date_gmt":"2012-12-11T17:44:50","guid":{"rendered":"http:\/\/www.humericbox.com\/?p=981"},"modified":"2020-05-10T10:12:51","modified_gmt":"2020-05-10T10:12:51","slug":"rencontre-avec-maryl","status":"publish","type":"post","link":"https:\/\/www.humericbox.com\/?p=981","title":{"rendered":"Rencontre avec Maryl"},"content":{"rendered":"<div id=\"attachment_982\" style=\"width: 660px\" class=\"wp-caption alignleft\"><img data-recalc-dims=\"1\" loading=\"lazy\" decoding=\"async\" aria-describedby=\"caption-attachment-982\" data-attachment-id=\"982\" data-permalink=\"https:\/\/www.humericbox.com\/?attachment_id=982\" data-orig-file=\"https:\/\/i0.wp.com\/www.humericbox.com\/wp-content\/uploads\/2012\/12\/ssj-maryl-03.jpg?fit=650%2C432&amp;ssl=1\" data-orig-size=\"650,432\" data-comments-opened=\"1\" data-image-meta=\"{&quot;aperture&quot;:&quot;0&quot;,&quot;credit&quot;:&quot;&quot;,&quot;camera&quot;:&quot;&quot;,&quot;caption&quot;:&quot;&quot;,&quot;created_timestamp&quot;:&quot;0&quot;,&quot;copyright&quot;:&quot;&quot;,&quot;focal_length&quot;:&quot;0&quot;,&quot;iso&quot;:&quot;0&quot;,&quot;shutter_speed&quot;:&quot;0&quot;,&quot;title&quot;:&quot;&quot;}\" data-image-title=\"ssj-maryl-03\" data-image-description=\"\" data-image-caption=\"&lt;p&gt;Maryl Leberre, artiste peintre et photographe&lt;\/p&gt;\n\" data-medium-file=\"https:\/\/i0.wp.com\/www.humericbox.com\/wp-content\/uploads\/2012\/12\/ssj-maryl-03.jpg?fit=300%2C199&amp;ssl=1\" data-large-file=\"https:\/\/i0.wp.com\/www.humericbox.com\/wp-content\/uploads\/2012\/12\/ssj-maryl-03.jpg?fit=584%2C388&amp;ssl=1\" class=\"size-full wp-image-982\" src=\"https:\/\/i0.wp.com\/www.humericbox.com\/wp-content\/uploads\/2012\/12\/ssj-maryl-03.jpg?resize=584%2C388&#038;ssl=1\" alt=\"Maryl Leberre, artiste peintre et photographe\" width=\"584\" height=\"388\" srcset=\"https:\/\/i0.wp.com\/www.humericbox.com\/wp-content\/uploads\/2012\/12\/ssj-maryl-03.jpg?w=650&amp;ssl=1 650w, https:\/\/i0.wp.com\/www.humericbox.com\/wp-content\/uploads\/2012\/12\/ssj-maryl-03.jpg?resize=300%2C199&amp;ssl=1 300w, https:\/\/i0.wp.com\/www.humericbox.com\/wp-content\/uploads\/2012\/12\/ssj-maryl-03.jpg?resize=451%2C300&amp;ssl=1 451w\" sizes=\"auto, (max-width: 584px) 100vw, 584px\" \/><p id=\"caption-attachment-982\" class=\"wp-caption-text\">Maryl Leberre, artiste peintre et photographe<\/p><\/div>\n<p>Je m&#8217;appelle Maryl Leberre, je suis n\u00e9e en 1948. Je suis artiste peintre&#8230;et photographe. On me dit souvent que &#8220;peinture et photographie&#8221; c&#8217;est incompatible. Bon ! C&#8217;est comme \u00e7a ! J&#8217;ai fait l&#8217;\u00c9cole des Beaux Arts de Quimper. Je suis partie aux \u00c9tats-Unis o\u00f9 j&#8217;y ai v\u00e9cu 20 ans. J&#8217;ai int\u00e9gr\u00e9 &#8220;Parsons School of Design&#8221; ou j&#8217;ai eu le bonheur d&#8217;\u00e9tudier la photographie avec Larry Fink \u00e0 New-York puis &#8220;The International Center of Photography&#8221;, toujours \u00e0 New-York.<br \/>\n<img data-recalc-dims=\"1\" loading=\"lazy\" decoding=\"async\" data-attachment-id=\"983\" data-permalink=\"https:\/\/www.humericbox.com\/?attachment_id=983\" data-orig-file=\"https:\/\/i0.wp.com\/www.humericbox.com\/wp-content\/uploads\/2012\/12\/ssj-maryl-01.jpg?fit=650%2C459&amp;ssl=1\" data-orig-size=\"650,459\" data-comments-opened=\"1\" data-image-meta=\"{&quot;aperture&quot;:&quot;0&quot;,&quot;credit&quot;:&quot;&quot;,&quot;camera&quot;:&quot;&quot;,&quot;caption&quot;:&quot;&quot;,&quot;created_timestamp&quot;:&quot;0&quot;,&quot;copyright&quot;:&quot;&quot;,&quot;focal_length&quot;:&quot;0&quot;,&quot;iso&quot;:&quot;0&quot;,&quot;shutter_speed&quot;:&quot;0&quot;,&quot;title&quot;:&quot;&quot;}\" data-image-title=\"ssj-maryl-01\" data-image-description=\"\" data-image-caption=\"\" data-medium-file=\"https:\/\/i0.wp.com\/www.humericbox.com\/wp-content\/uploads\/2012\/12\/ssj-maryl-01.jpg?fit=300%2C211&amp;ssl=1\" data-large-file=\"https:\/\/i0.wp.com\/www.humericbox.com\/wp-content\/uploads\/2012\/12\/ssj-maryl-01.jpg?fit=584%2C412&amp;ssl=1\" class=\"alignleft size-full wp-image-983\" src=\"https:\/\/i0.wp.com\/www.humericbox.com\/wp-content\/uploads\/2012\/12\/ssj-maryl-01.jpg?resize=584%2C412&#038;ssl=1\" alt=\"ssj-maryl-01\" width=\"584\" height=\"412\" srcset=\"https:\/\/i0.wp.com\/www.humericbox.com\/wp-content\/uploads\/2012\/12\/ssj-maryl-01.jpg?w=650&amp;ssl=1 650w, https:\/\/i0.wp.com\/www.humericbox.com\/wp-content\/uploads\/2012\/12\/ssj-maryl-01.jpg?resize=300%2C211&amp;ssl=1 300w, https:\/\/i0.wp.com\/www.humericbox.com\/wp-content\/uploads\/2012\/12\/ssj-maryl-01.jpg?resize=424%2C300&amp;ssl=1 424w\" sizes=\"auto, (max-width: 584px) 100vw, 584px\" \/><br \/>\nMa peinture est le reflet de mes \u00e9motions elle m&#8217;aide \u00e0 me connaitre. C&#8217;est une \u00e9criture tr\u00e8s expressionniste. Sans cette \u00e9motion, cette reconstruction des corps \u00e0 travers la mati\u00e8re n&#8217;existerait pas. L&#8217;anatomie me sert de pr\u00e9texte pour faire jaillir ce que je sens de plus profond en moi. C&#8217;est une peinture difficile, sans concession, qui heurte. J&#8217;expose r\u00e9guli\u00e8rement, tant en France, qu&#8217;en Belgique, aux U.S.A, aussi bien mes peintures que mes photos. Je participe \u00e9galement \u00e0 des expositions collectives.Mais tous les 2 ans, je fais une expo personnelle dans ma galerie-m\u00e8re, la galerie Marie Vitoux dans le Marais \u00e0 Paris. L\u00e0, il me faut environ une quarantaine de nouvelles toiles parmi lesquelles choisir pour l&#8217;accrochage. C&#8217;est un gros boulot. Mes parents ne m&#8217;ont jamais encourag\u00e9 \u00e0 me diriger vers cette activit\u00e9. Par contre, ils ne m&#8217;en ont jamais emp\u00each\u00e9 non plus. Ce qui est plut\u00f4t bien ! Je pense que ce go\u00fbt pour l&#8217;art me vient principalement de ma m\u00e8re plus que de mon p\u00e8re. Bien que ce dernier ait eu quelque talent vocal. Ma m\u00e8re, dans sa jeunesse brodait des costumes traditionnels bretons. J&#8217;ai d\u00fb h\u00e9riter de sa passion pour la couleur, la mati\u00e8re et son \u00e9nergie pour cr\u00e9er. <img data-recalc-dims=\"1\" loading=\"lazy\" decoding=\"async\" data-attachment-id=\"984\" data-permalink=\"https:\/\/www.humericbox.com\/?attachment_id=984\" data-orig-file=\"https:\/\/i0.wp.com\/www.humericbox.com\/wp-content\/uploads\/2012\/12\/ssj-maryl-02.jpg?fit=301%2C454&amp;ssl=1\" data-orig-size=\"301,454\" data-comments-opened=\"1\" data-image-meta=\"{&quot;aperture&quot;:&quot;0&quot;,&quot;credit&quot;:&quot;&quot;,&quot;camera&quot;:&quot;&quot;,&quot;caption&quot;:&quot;&quot;,&quot;created_timestamp&quot;:&quot;0&quot;,&quot;copyright&quot;:&quot;&quot;,&quot;focal_length&quot;:&quot;0&quot;,&quot;iso&quot;:&quot;0&quot;,&quot;shutter_speed&quot;:&quot;0&quot;,&quot;title&quot;:&quot;&quot;}\" data-image-title=\"ssj-maryl-02\" data-image-description=\"\" data-image-caption=\"\" data-medium-file=\"https:\/\/i0.wp.com\/www.humericbox.com\/wp-content\/uploads\/2012\/12\/ssj-maryl-02.jpg?fit=198%2C300&amp;ssl=1\" data-large-file=\"https:\/\/i0.wp.com\/www.humericbox.com\/wp-content\/uploads\/2012\/12\/ssj-maryl-02.jpg?fit=301%2C454&amp;ssl=1\" class=\"alignright size-full wp-image-984\" src=\"https:\/\/i0.wp.com\/www.humericbox.com\/wp-content\/uploads\/2012\/12\/ssj-maryl-02.jpg?resize=301%2C454&#038;ssl=1\" alt=\"ssj-maryl-02\" width=\"301\" height=\"454\" srcset=\"https:\/\/i0.wp.com\/www.humericbox.com\/wp-content\/uploads\/2012\/12\/ssj-maryl-02.jpg?w=301&amp;ssl=1 301w, https:\/\/i0.wp.com\/www.humericbox.com\/wp-content\/uploads\/2012\/12\/ssj-maryl-02.jpg?resize=198%2C300&amp;ssl=1 198w\" sizes=\"auto, (max-width: 301px) 100vw, 301px\" \/>Et si c&#8217;\u00e9tait \u00e0 refaire&#8230; je referais pareil \u00e0 cette nuance pr\u00e8s que je me l\u00e2cherais davantage. C&#8217;est vrai, en vieillissant, on se rend compte de tout ce v\u00e9cu que l&#8217;on a accumul\u00e9. Et c&#8217;est si difficile d&#8217;en profiter, de le faire ressortir. Oui ! C&#8217;est \u00e7a, se l\u00e2cher ! J&#8217;aimerai aller plus loin en peinture, tenter plus. Mais \u00e7a demande un effort \u00e9norme. Sortir de ses habitudes c&#8217;est si important. Je ne veux pas me contenter de refaire ce que j&#8217;ai d\u00e9j\u00e0 fait et que je r\u00e9ussis &#8220;que je suis s\u00fbre de r\u00e9ussir&#8221; \u00e0 tout coup. Parfois j&#8217;ai des amis qui me disent \u00e0 propos d&#8217;un d\u00e9tail sur mes peintures, &#8220;tiens, \u00e7a c&#8217;est bien, tu devrais refaire comme \u00e7a !&#8221;. Mais, \u00e7a ne m&#8217;int\u00e9resse pas de capitaliser sur ce que j&#8217;ai d\u00e9j\u00e0 fait et qui est r\u00e9ussi. C&#8217;est si facile de s&#8217;enfermer dans un syst\u00e9matisme. J&#8217;ai envie d&#8217;aller au del\u00e0, de profiter m\u00eame de certaines erreurs pour prendre des chemins que je n&#8217;ai pas explor\u00e9s. Si j&#8217;\u00e9tais ma\u00eetre du monde&#8230; ce que je ferais ? Franchement, je ne sais pas. Je n&#8217;ai pas de r\u00e9ponse ! Il faudrait \u00e9duquer les gens, pour qu&#8217;ils apprennent \u00e0 se connaitre, &#8230;que les enfants puissent donner vie \u00e0 l&#8217;art qu&#8217;ils portent d\u00e9j\u00e0 en eux car apr\u00e8s l&#8217;\u00e9cole maternelle ils doivent l&#8217;\u00e9touffer.<br \/>\n<strong>Merci<\/strong> <strong>Maryl<\/strong><\/p>\n<p><span style=\"color: #ff9900;\"><strong><b><a href=\"http:\/\/maryl.net\"><span style=\"color: #ff9900;\">http:\/\/maryl.net<br \/>\n<\/span><\/a><\/b><b><a href=\"http:\/\/marylleberre.blogspot.com\"><span style=\"color: #ff9900;\">http:\/\/marylleberre.blogspot.com<\/span><\/a><\/b><\/strong><\/span><\/p>\n<p><strong>Exposition en cours<br \/>\n<!--StartFragment--><\/strong><\/p>\n<p style=\"padding-left: 30px;\"><span style=\"font-size: large;\"><span style=\"font-size: large;\"><strong><span style=\"font-size: large; color: #ff9900;\">PASSEURS DE L&#8217;ART CONTEMPORAIN<\/span><br \/>\nNouvelle G\u00e9n\u00e9ration<br \/>\n<\/strong><\/span><\/span>peintures \u2013 sculptures <span style=\"font-size: large;\"><span style=\"font-size: large;\"><br \/>\n<\/span><\/span><span style=\"color: #ff9900;\"><strong>du 13 d\u00e9cembre 2012 au 12 janvier 2013<\/strong><\/span><br \/>\n<strong>vernissage le jeudi 13 d\u00e9cembre \u00e0 partir de 18h<\/strong><br \/>\nGalerie Marie Vitoux 3, rue d&#8217;Ormesson<br \/>\nPlace Sainte-Catherine<br \/>\n75004 Paris<\/p>\n","protected":false},"excerpt":{"rendered":"<p>Je m&#8217;appelle Maryl Leberre, je suis n\u00e9e en 1948. Je suis artiste peintre&#8230;et photographe. On me dit souvent que &#8220;peinture et photographie&#8221; c&#8217;est incompatible. Bon ! C&#8217;est comme \u00e7a ! J&#8217;ai fait l&#8217;\u00c9cole des Beaux Arts de Quimper. Je suis &hellip; <a href=\"https:\/\/www.humericbox.com\/?p=981\">Continuer la lecture <span class=\"meta-nav\">&rarr;<\/span><\/a><\/p>\n","protected":false},"author":1,"featured_media":0,"comment_status":"open","ping_status":"open","sticky":false,"template":"","format":"standard","meta":{"_s2mail":"yes","jetpack_post_was_ever_published":false,"_jetpack_newsletter_access":"","_jetpack_dont_email_post_to_subs":false,"_jetpack_newsletter_tier_id":0,"_jetpack_memberships_contains_paywalled_content":false,"_jetpack_memberships_contains_paid_content":false,"footnotes":"","jetpack_publicize_message":"","jetpack_publicize_feature_enabled":true,"jetpack_social_post_already_shared":false,"jetpack_social_options":{"image_generator_settings":{"template":"highway","default_image_id":0,"font":"","enabled":false},"version":2}},"categories":[3],"tags":[95,21,114],"class_list":["post-981","post","type-post","status-publish","format-standard","hentry","category-reportage-photo","tag-artiste","tag-peintre","tag-photos"],"jetpack_publicize_connections":[],"jetpack_featured_media_url":"","jetpack_shortlink":"https:\/\/wp.me\/p23bL2-fP","jetpack_sharing_enabled":true,"jetpack_likes_enabled":true,"_links":{"self":[{"href":"https:\/\/www.humericbox.com\/index.php?rest_route=\/wp\/v2\/posts\/981","targetHints":{"allow":["GET"]}}],"collection":[{"href":"https:\/\/www.humericbox.com\/index.php?rest_route=\/wp\/v2\/posts"}],"about":[{"href":"https:\/\/www.humericbox.com\/index.php?rest_route=\/wp\/v2\/types\/post"}],"author":[{"embeddable":true,"href":"https:\/\/www.humericbox.com\/index.php?rest_route=\/wp\/v2\/users\/1"}],"replies":[{"embeddable":true,"href":"https:\/\/www.humericbox.com\/index.php?rest_route=%2Fwp%2Fv2%2Fcomments&post=981"}],"version-history":[{"count":1,"href":"https:\/\/www.humericbox.com\/index.php?rest_route=\/wp\/v2\/posts\/981\/revisions"}],"predecessor-version":[{"id":7712,"href":"https:\/\/www.humericbox.com\/index.php?rest_route=\/wp\/v2\/posts\/981\/revisions\/7712"}],"wp:attachment":[{"href":"https:\/\/www.humericbox.com\/index.php?rest_route=%2Fwp%2Fv2%2Fmedia&parent=981"}],"wp:term":[{"taxonomy":"category","embeddable":true,"href":"https:\/\/www.humericbox.com\/index.php?rest_route=%2Fwp%2Fv2%2Fcategories&post=981"},{"taxonomy":"post_tag","embeddable":true,"href":"https:\/\/www.humericbox.com\/index.php?rest_route=%2Fwp%2Fv2%2Ftags&post=981"}],"curies":[{"name":"wp","href":"https:\/\/api.w.org\/{rel}","templated":true}]}}