{"id":928,"date":"2012-11-23T15:11:34","date_gmt":"2012-11-23T15:11:34","guid":{"rendered":"http:\/\/www.humericbox.com\/?p=928"},"modified":"2020-05-10T10:13:17","modified_gmt":"2020-05-10T10:13:17","slug":"fils-dimmigres","status":"publish","type":"post","link":"https:\/\/www.humericbox.com\/?p=928","title":{"rendered":"Fils &#038; filles d&#8217;immigr\u00e9s"},"content":{"rendered":"<p><img data-recalc-dims=\"1\" loading=\"lazy\" decoding=\"async\" data-attachment-id=\"4442\" data-permalink=\"https:\/\/www.humericbox.com\/?attachment_id=4442\" data-orig-file=\"https:\/\/i0.wp.com\/www.humericbox.com\/wp-content\/uploads\/2016\/07\/D304304-bis.jpg?fit=650%2C432&amp;ssl=1\" data-orig-size=\"650,432\" data-comments-opened=\"1\" data-image-meta=\"{&quot;aperture&quot;:&quot;0&quot;,&quot;credit&quot;:&quot;&quot;,&quot;camera&quot;:&quot;&quot;,&quot;caption&quot;:&quot;&quot;,&quot;created_timestamp&quot;:&quot;0&quot;,&quot;copyright&quot;:&quot;&quot;,&quot;focal_length&quot;:&quot;0&quot;,&quot;iso&quot;:&quot;0&quot;,&quot;shutter_speed&quot;:&quot;0&quot;,&quot;title&quot;:&quot;&quot;,&quot;orientation&quot;:&quot;0&quot;}\" data-image-title=\"_D304304-bis\" data-image-description=\"\" data-image-caption=\"\" data-medium-file=\"https:\/\/i0.wp.com\/www.humericbox.com\/wp-content\/uploads\/2016\/07\/D304304-bis.jpg?fit=300%2C199&amp;ssl=1\" data-large-file=\"https:\/\/i0.wp.com\/www.humericbox.com\/wp-content\/uploads\/2016\/07\/D304304-bis.jpg?fit=584%2C388&amp;ssl=1\" class=\"aligncenter wp-image-4442 size-full\" title=\"immigr\u00e901\" src=\"https:\/\/i0.wp.com\/www.humericbox.com\/wp-content\/uploads\/2016\/07\/D304304-bis.jpg?resize=584%2C388&#038;ssl=1\" width=\"584\" height=\"388\" srcset=\"https:\/\/i0.wp.com\/www.humericbox.com\/wp-content\/uploads\/2016\/07\/D304304-bis.jpg?w=650&amp;ssl=1 650w, https:\/\/i0.wp.com\/www.humericbox.com\/wp-content\/uploads\/2016\/07\/D304304-bis.jpg?resize=300%2C199&amp;ssl=1 300w, https:\/\/i0.wp.com\/www.humericbox.com\/wp-content\/uploads\/2016\/07\/D304304-bis.jpg?resize=451%2C300&amp;ssl=1 451w\" sizes=\"auto, (max-width: 584px) 100vw, 584px\" \/><\/p>\n<p>Mon p\u00e8re est n\u00e9 en 1913 \u00e0 Alcazaren, dans un petit village d&#8217;Espagne. Fils d&#8217;Antonio et de Nemesia. La famille compte cinq enfants, quatre fr\u00e8res et une s\u0153ur, la plus jeune de la fratrie, prot\u00e9g\u00e9e par des gar\u00e7ons tout \u00e0 ses petits soins.<\/p>\n<p>\u00c0 cette \u00e9poque-l\u00e0, une bonne partie du peuple espagnol vit dans la mis\u00e8re. Je retiens cette phrase que mon p\u00e8re me r\u00e9p\u00e9tait, lorsqu&#8217;il m&#8217;arrivait de me plaindre de ma situation : &#8220;En Espagne, nous n&#8217;avions que des pierres \u00e0 manger. Il n&#8217;y avait rien \u00e0 faire. Notre maison poss\u00e9dait une cour carr\u00e9e faite de poussi\u00e8re o\u00f9 gamins nous tra\u00eenions pieds nus au soleil !&#8221;.<\/p>\n<div id=\"attachment_930\" style=\"width: 283px\" class=\"wp-caption alignleft\"><img data-recalc-dims=\"1\" loading=\"lazy\" decoding=\"async\" aria-describedby=\"caption-attachment-930\" data-attachment-id=\"930\" data-permalink=\"https:\/\/www.humericbox.com\/?attachment_id=930\" data-orig-file=\"https:\/\/i0.wp.com\/www.humericbox.com\/wp-content\/uploads\/2012\/11\/grand-parents01.jpg?fit=650%2C432&amp;ssl=1\" data-orig-size=\"650,432\" data-comments-opened=\"1\" data-image-meta=\"{&quot;aperture&quot;:&quot;0&quot;,&quot;credit&quot;:&quot;&quot;,&quot;camera&quot;:&quot;&quot;,&quot;caption&quot;:&quot;&quot;,&quot;created_timestamp&quot;:&quot;0&quot;,&quot;copyright&quot;:&quot;&quot;,&quot;focal_length&quot;:&quot;0&quot;,&quot;iso&quot;:&quot;0&quot;,&quot;shutter_speed&quot;:&quot;0&quot;,&quot;title&quot;:&quot;&quot;}\" data-image-title=\"grand-parents01\" data-image-description=\"\" data-image-caption=\"&lt;p&gt;Antonio &amp;#038; Nemesia&lt;\/p&gt;\n\" data-medium-file=\"https:\/\/i0.wp.com\/www.humericbox.com\/wp-content\/uploads\/2012\/11\/grand-parents01.jpg?fit=300%2C199&amp;ssl=1\" data-large-file=\"https:\/\/i0.wp.com\/www.humericbox.com\/wp-content\/uploads\/2012\/11\/grand-parents01.jpg?fit=584%2C388&amp;ssl=1\" class=\"wp-image-930 \" title=\"grand-parents01\" src=\"https:\/\/i0.wp.com\/www.humericbox.com\/wp-content\/uploads\/2012\/11\/grand-parents01.jpg?resize=273%2C181&#038;ssl=1\" alt=\"\" width=\"273\" height=\"181\" srcset=\"https:\/\/i0.wp.com\/www.humericbox.com\/wp-content\/uploads\/2012\/11\/grand-parents01.jpg?w=650&amp;ssl=1 650w, https:\/\/i0.wp.com\/www.humericbox.com\/wp-content\/uploads\/2012\/11\/grand-parents01.jpg?resize=300%2C199&amp;ssl=1 300w, https:\/\/i0.wp.com\/www.humericbox.com\/wp-content\/uploads\/2012\/11\/grand-parents01.jpg?resize=451%2C300&amp;ssl=1 451w\" sizes=\"auto, (max-width: 273px) 100vw, 273px\" \/><p id=\"caption-attachment-930\" class=\"wp-caption-text\">Antonio &amp; Nemesia. Toute la famille franchit les Pyr\u00e9n\u00e9es en 1918<\/p><\/div>\n<p>Il aura sans doute fallu beaucoup de courage et pas grand chose \u00e0 perdre pour que toute la famille franchisse les Pyr\u00e9n\u00e9es d\u00e8s 1918, en direction des Landes. Un exode patriarcal bien avant les premiers r\u00e9fugi\u00e9s et exil\u00e9s r\u00e9publicains que la guerre d&#8217;Espagne d\u00e9versera sur le sud de la France en 1939.<\/p>\n<p>Mon grand-p\u00e8re paternel, trouve un labeur dans la for\u00eat landaise. Il sera charbonnier, r\u00e9sinier, collectant la s\u00e8ve d&#8217;or des grands pins. Cette r\u00e9sine liquide et odorante fut sans aucun doute le plus grand tr\u00e9sor que mon grand-p\u00e8re d\u00fbt poss\u00e9der. Fr\u00e8res et s\u0153urs ne parlent pas un mot de Fran\u00e7ais, ne savent ni lire, ni \u00e9crire. Bien vite scolaris\u00e9s, c&#8217;est un peu de leur libert\u00e9 qu&#8217;on leur prend. Les liens familiaux se ress\u00e8rent face \u00e0 l&#8217;inconnu.&nbsp; Les quatre fr\u00e8res font corps et apprennent \u00e0 se faire respecter par les autres gamins, mieux nantis. Pour une insulte, un manque de respect, ils font le coup de poing quand n\u00e9cessaire. Ainsi va la petite enfance, l&#8217;adolescence et l&#8217;apprentissage de la vie adulte.<\/p>\n<div id=\"attachment_943\" style=\"width: 201px\" class=\"wp-caption alignright\"><img data-recalc-dims=\"1\" loading=\"lazy\" decoding=\"async\" aria-describedby=\"caption-attachment-943\" data-attachment-id=\"943\" data-permalink=\"https:\/\/www.humericbox.com\/?attachment_id=943\" data-orig-file=\"https:\/\/i0.wp.com\/www.humericbox.com\/wp-content\/uploads\/2012\/11\/benvenuto.jpg?fit=525%2C650&amp;ssl=1\" data-orig-size=\"525,650\" data-comments-opened=\"1\" data-image-meta=\"{&quot;aperture&quot;:&quot;0&quot;,&quot;credit&quot;:&quot;&quot;,&quot;camera&quot;:&quot;&quot;,&quot;caption&quot;:&quot;&quot;,&quot;created_timestamp&quot;:&quot;0&quot;,&quot;copyright&quot;:&quot;&quot;,&quot;focal_length&quot;:&quot;0&quot;,&quot;iso&quot;:&quot;0&quot;,&quot;shutter_speed&quot;:&quot;0&quot;,&quot;title&quot;:&quot;&quot;}\" data-image-title=\"benvenuto\" data-image-description=\"\" data-image-caption=\"&lt;p&gt;Benvenuto mon grand-p\u00e8re maternel.&lt;\/p&gt;\n\" data-medium-file=\"https:\/\/i0.wp.com\/www.humericbox.com\/wp-content\/uploads\/2012\/11\/benvenuto.jpg?fit=242%2C300&amp;ssl=1\" data-large-file=\"https:\/\/i0.wp.com\/www.humericbox.com\/wp-content\/uploads\/2012\/11\/benvenuto.jpg?fit=525%2C650&amp;ssl=1\" class=\" wp-image-943 \" title=\"benvenuto\" src=\"https:\/\/i0.wp.com\/www.humericbox.com\/wp-content\/uploads\/2012\/11\/benvenuto.jpg?resize=191%2C238&#038;ssl=1\" alt=\"\" width=\"191\" height=\"238\" srcset=\"https:\/\/i0.wp.com\/www.humericbox.com\/wp-content\/uploads\/2012\/11\/benvenuto.jpg?resize=242%2C300&amp;ssl=1 242w, https:\/\/i0.wp.com\/www.humericbox.com\/wp-content\/uploads\/2012\/11\/benvenuto.jpg?zoom=2&amp;resize=191%2C238&amp;ssl=1 382w\" sizes=\"auto, (max-width: 191px) 100vw, 191px\" \/><p id=\"caption-attachment-943\" class=\"wp-caption-text\">Benvenuto mon grand-p\u00e8re maternel.<\/p><\/div>\n<p>Ma m\u00e8re Rita, est n\u00e9e en 1921 \u00e0 Sarego un village en V\u00e9n\u00e9tie, au nord de l&#8217;Italie. Pour des raisons professionnelles, son p\u00e8re Benvenuto quitte l&#8217;Italie, et embarque sa famille pour le sud-ouest de la France.<\/p>\n<p>C&#8217;est l\u00e0 que mes parents se rencontrent pour la premi\u00e8re fois. Les jours sont doux et lumineux. La mer et ses immenses plages, le soleil, le foisonnement de la mauve bruy\u00e8re dans la for\u00eat landaise, sont autant d&#8217;appels favorisant l&#8217;insouciance des jeunes gens.<\/p>\n<div id=\"attachment_935\" style=\"width: 660px\" class=\"wp-caption alignnone\"><img data-recalc-dims=\"1\" loading=\"lazy\" decoding=\"async\" aria-describedby=\"caption-attachment-935\" data-attachment-id=\"935\" data-permalink=\"https:\/\/www.humericbox.com\/?attachment_id=935\" data-orig-file=\"https:\/\/i0.wp.com\/www.humericbox.com\/wp-content\/uploads\/2012\/11\/parents03.jpg?fit=650%2C502&amp;ssl=1\" data-orig-size=\"650,502\" data-comments-opened=\"1\" data-image-meta=\"{&quot;aperture&quot;:&quot;0&quot;,&quot;credit&quot;:&quot;&quot;,&quot;camera&quot;:&quot;&quot;,&quot;caption&quot;:&quot;&quot;,&quot;created_timestamp&quot;:&quot;0&quot;,&quot;copyright&quot;:&quot;&quot;,&quot;focal_length&quot;:&quot;0&quot;,&quot;iso&quot;:&quot;0&quot;,&quot;shutter_speed&quot;:&quot;0&quot;,&quot;title&quot;:&quot;&quot;}\" data-image-title=\"parents03\" data-image-description=\"\" data-image-caption=\"&lt;p&gt;Rita &amp;#038; S\u00e9verin les fianc\u00e9s des Landes&lt;\/p&gt;\n\" data-medium-file=\"https:\/\/i0.wp.com\/www.humericbox.com\/wp-content\/uploads\/2012\/11\/parents03.jpg?fit=300%2C231&amp;ssl=1\" data-large-file=\"https:\/\/i0.wp.com\/www.humericbox.com\/wp-content\/uploads\/2012\/11\/parents03.jpg?fit=584%2C451&amp;ssl=1\" class=\" wp-image-935 \" title=\"parents03\" src=\"https:\/\/i0.wp.com\/www.humericbox.com\/wp-content\/uploads\/2012\/11\/parents03.jpg?resize=584%2C451&#038;ssl=1\" alt=\"\" width=\"584\" height=\"451\" srcset=\"https:\/\/i0.wp.com\/www.humericbox.com\/wp-content\/uploads\/2012\/11\/parents03.jpg?w=650&amp;ssl=1 650w, https:\/\/i0.wp.com\/www.humericbox.com\/wp-content\/uploads\/2012\/11\/parents03.jpg?resize=300%2C231&amp;ssl=1 300w, https:\/\/i0.wp.com\/www.humericbox.com\/wp-content\/uploads\/2012\/11\/parents03.jpg?resize=388%2C300&amp;ssl=1 388w\" sizes=\"auto, (max-width: 584px) 100vw, 584px\" \/><p id=\"caption-attachment-935\" class=\"wp-caption-text\">Rita &amp; S\u00e9verin les fianc\u00e9s des Landes<\/p><\/div>\n<p>Mais, des hommes ailleurs, en d\u00e9cident autrement et bousculent les \u00e9v\u00e9nements. De simple rumeur, la guerre passe \u00e0 la&nbsp; cruelle r\u00e9alit\u00e9.<br \/>\nEn Italie, Mussolini est au pouvoir. Toute la famille italienne reprend le train pour rejoindre sa terre natale en d\u00e9cembre 1940.<\/p>\n<div id=\"attachment_936\" style=\"width: 239px\" class=\"wp-caption alignleft\"><img data-recalc-dims=\"1\" loading=\"lazy\" decoding=\"async\" aria-describedby=\"caption-attachment-936\" data-attachment-id=\"936\" data-permalink=\"https:\/\/www.humericbox.com\/?attachment_id=936\" data-orig-file=\"https:\/\/i0.wp.com\/www.humericbox.com\/wp-content\/uploads\/2012\/11\/parents02.jpg?fit=498%2C650&amp;ssl=1\" data-orig-size=\"498,650\" data-comments-opened=\"1\" data-image-meta=\"{&quot;aperture&quot;:&quot;0&quot;,&quot;credit&quot;:&quot;&quot;,&quot;camera&quot;:&quot;&quot;,&quot;caption&quot;:&quot;&quot;,&quot;created_timestamp&quot;:&quot;0&quot;,&quot;copyright&quot;:&quot;&quot;,&quot;focal_length&quot;:&quot;0&quot;,&quot;iso&quot;:&quot;0&quot;,&quot;shutter_speed&quot;:&quot;0&quot;,&quot;title&quot;:&quot;&quot;}\" data-image-title=\"parents02\" data-image-description=\"\" data-image-caption=\"&lt;p&gt;Mon p\u00e8re engag\u00e9 volontaire dans la L\u00e9gion \u00c9trang\u00e8re.&lt;\/p&gt;\n\" data-medium-file=\"https:\/\/i0.wp.com\/www.humericbox.com\/wp-content\/uploads\/2012\/11\/parents02.jpg?fit=229%2C300&amp;ssl=1\" data-large-file=\"https:\/\/i0.wp.com\/www.humericbox.com\/wp-content\/uploads\/2012\/11\/parents02.jpg?fit=498%2C650&amp;ssl=1\" class=\"size-medium wp-image-936 \" title=\"parents02\" src=\"https:\/\/i0.wp.com\/www.humericbox.com\/wp-content\/uploads\/2012\/11\/parents02.jpg?resize=229%2C300&#038;ssl=1\" alt=\"\" width=\"229\" height=\"300\" srcset=\"https:\/\/i0.wp.com\/www.humericbox.com\/wp-content\/uploads\/2012\/11\/parents02.jpg?resize=229%2C300&amp;ssl=1 229w, https:\/\/i0.wp.com\/www.humericbox.com\/wp-content\/uploads\/2012\/11\/parents02.jpg?w=498&amp;ssl=1 498w\" sizes=\"auto, (max-width: 229px) 100vw, 229px\" \/><p id=\"caption-attachment-936\" class=\"wp-caption-text\">Mon p\u00e8re engag\u00e9 volontaire dans la L\u00e9gion \u00c9trang\u00e8re.<\/p><\/div>\n<p>Mon p\u00e8re a 26 ans. Consid\u00e9r\u00e9 comme \u00e9tranger par l&#8217;administration, il ne peut pr\u00e9tendre rejoindre l&#8217;arm\u00e9e fran\u00e7aise. Face \u00e0 la mont\u00e9e du facisme, il rejoint d\u00e8s 1939 la l\u00e9gion \u00e9trang\u00e8re comme &#8220;engag\u00e9 volontaire&#8221;. Il combattra aux c\u00f4t\u00e9s de tirailleurs S\u00e9nagalais dont il me vantera toujours le courage. Il recevra la croix de guerre pour &#8220;tr\u00e8s belle conduite&#8221; au feu pendant les combats du 18 et 19 juin 1940. Fait prisonnier quelques jours plus tard, malgr\u00e9 plusieurs tentatives de fuite, il terminera la guerre en Allemagne au stalag XI B de Fallingbostel. Il sera un prisonnier anonyme parmi les 80.000 prisonniers que comptera ce camp.<\/p>\n<p><img data-recalc-dims=\"1\" loading=\"lazy\" decoding=\"async\" data-attachment-id=\"938\" data-permalink=\"https:\/\/www.humericbox.com\/?attachment_id=938\" data-orig-file=\"https:\/\/i0.wp.com\/www.humericbox.com\/wp-content\/uploads\/2012\/11\/stalag-xib1.jpg?fit=650%2C412&amp;ssl=1\" data-orig-size=\"650,412\" data-comments-opened=\"1\" data-image-meta=\"{&quot;aperture&quot;:&quot;0&quot;,&quot;credit&quot;:&quot;&quot;,&quot;camera&quot;:&quot;&quot;,&quot;caption&quot;:&quot;&quot;,&quot;created_timestamp&quot;:&quot;0&quot;,&quot;copyright&quot;:&quot;&quot;,&quot;focal_length&quot;:&quot;0&quot;,&quot;iso&quot;:&quot;0&quot;,&quot;shutter_speed&quot;:&quot;0&quot;,&quot;title&quot;:&quot;&quot;}\" data-image-title=\"stalag-xib\" data-image-description=\"\" data-image-caption=\"&lt;p&gt;Le stalag XIB \u00e0 Fallingbostel.&lt;\/p&gt;\n\" data-medium-file=\"https:\/\/i0.wp.com\/www.humericbox.com\/wp-content\/uploads\/2012\/11\/stalag-xib1.jpg?fit=300%2C190&amp;ssl=1\" data-large-file=\"https:\/\/i0.wp.com\/www.humericbox.com\/wp-content\/uploads\/2012\/11\/stalag-xib1.jpg?fit=584%2C370&amp;ssl=1\" class=\" wp-image-938\" title=\"stalag-xib\" src=\"https:\/\/i0.wp.com\/www.humericbox.com\/wp-content\/uploads\/2012\/11\/stalag-xib1.jpg?resize=584%2C370&#038;ssl=1\" alt=\"\" width=\"584\" height=\"370\" srcset=\"https:\/\/i0.wp.com\/www.humericbox.com\/wp-content\/uploads\/2012\/11\/stalag-xib1.jpg?w=650&amp;ssl=1 650w, https:\/\/i0.wp.com\/www.humericbox.com\/wp-content\/uploads\/2012\/11\/stalag-xib1.jpg?resize=300%2C190&amp;ssl=1 300w, https:\/\/i0.wp.com\/www.humericbox.com\/wp-content\/uploads\/2012\/11\/stalag-xib1.jpg?resize=473%2C300&amp;ssl=1 473w\" sizes=\"auto, (max-width: 584px) 100vw, 584px\" \/><\/p>\n<p>Lib\u00e9r\u00e9 par les alli\u00e9s en avril 1945, il part \u00e0 la recherche de son amour de jeunesse dans une Italie en ruines. Sans doute dans la crainte d&#8217;une deuxi\u00e8me s\u00e9paration, il \u00e9pouse Rita sur place avant de revenir dans le Sud-Ouest en couple l\u00e9gitimement uni. Mes parents adoptent la nationalit\u00e9 fran\u00e7aise en 1950.<img data-recalc-dims=\"1\" loading=\"lazy\" decoding=\"async\" data-attachment-id=\"942\" data-permalink=\"https:\/\/www.humericbox.com\/?attachment_id=942\" data-orig-file=\"https:\/\/i0.wp.com\/www.humericbox.com\/wp-content\/uploads\/2012\/11\/parents01.jpg?fit=410%2C650&amp;ssl=1\" data-orig-size=\"410,650\" data-comments-opened=\"1\" data-image-meta=\"{&quot;aperture&quot;:&quot;0&quot;,&quot;credit&quot;:&quot;&quot;,&quot;camera&quot;:&quot;&quot;,&quot;caption&quot;:&quot;&quot;,&quot;created_timestamp&quot;:&quot;0&quot;,&quot;copyright&quot;:&quot;&quot;,&quot;focal_length&quot;:&quot;0&quot;,&quot;iso&quot;:&quot;0&quot;,&quot;shutter_speed&quot;:&quot;0&quot;,&quot;title&quot;:&quot;&quot;}\" data-image-title=\"parents01\" data-image-description=\"\" data-image-caption=\"\" data-medium-file=\"https:\/\/i0.wp.com\/www.humericbox.com\/wp-content\/uploads\/2012\/11\/parents01.jpg?fit=189%2C300&amp;ssl=1\" data-large-file=\"https:\/\/i0.wp.com\/www.humericbox.com\/wp-content\/uploads\/2012\/11\/parents01.jpg?fit=410%2C650&amp;ssl=1\" class=\"alignright size-medium wp-image-942\" title=\"parents01\" src=\"https:\/\/i0.wp.com\/www.humericbox.com\/wp-content\/uploads\/2012\/11\/parents01.jpg?resize=189%2C300&#038;ssl=1\" alt=\"\" width=\"189\" height=\"300\" srcset=\"https:\/\/i0.wp.com\/www.humericbox.com\/wp-content\/uploads\/2012\/11\/parents01.jpg?resize=189%2C300&amp;ssl=1 189w, https:\/\/i0.wp.com\/www.humericbox.com\/wp-content\/uploads\/2012\/11\/parents01.jpg?w=410&amp;ssl=1 410w\" sizes=\"auto, (max-width: 189px) 100vw, 189px\" \/><\/p>\n<p>Du vivant de Franco, aucun membre de la famille ne mettra &#8211; ne serait-ce &#8211; un seul pied en Espagne. La France est leur seul et unique pays de c\u0153ur. Les insultes racistes que la maisonn\u00e9e subira de temps \u00e0 autre (fils et filles de macaronis ou d&#8217;espingouins) n&#8217;alt\u00e8rera pas leur amour pour le pays. Mon p\u00e8re reconnaissait en la France, un pays qui l&#8217;avait sorti de la mis\u00e8re, lui avait permis de manger \u00e0 sa faim, lui avait offert la possibilit\u00e9 de travailler en toute libert\u00e9, de penser et de s&#8217;exprimer sans crainte de repr\u00e9sailles.&nbsp; En contrepartie, cette famille espagnole, depuis plus d&#8217;un demi si\u00e8cle aura aussi donn\u00e9 de nombreux enfants, de nombreuses mains et esprits fondus aujourd&#8217;hui dans une France multiraciale.<\/p>\n<p>Aujourd&#8217;hui, lorsque j&#8217;entends des voix &#8220;eructantes&#8221;, voulant nous faire croire que notre mal-\u00eatre est d\u00fb \u00e0 ces &#8220;gens venus d&#8217;ailleurs&#8221;-&#8221; des &#8220;pas comme nous&#8221; qui selon les dires &#8220;p\u00e9n\u00e8trent chaque jour par milliers dans notre pays&#8221;, je ne peux malgr\u00e9 tout que me sentir un peu concern\u00e9. J&#8217;ai bien compris que c&#8217;est surtout vers &#8220;Rachid, Ahmed, A\u00efcha, ou Meimouna&#8221;, que les regards sont orient\u00e9s. Mais demain, qui sait si &#8220;Nicu, Laurentiu, Mircea&#8221;, puis les &#8220;Juan, Albertino ou Agostina&#8221; ne seront pas eux aussi montr\u00e9s du doigt. Il faut toujours trouver un coupable&#8230;&#8221;Adam, D\u00e9borah, Isma\u00ebl, Joshua&#8221; et tant de millions d&#8217;autres en ont d\u00e9j\u00e0 subi les cons\u00e9quences par le pass\u00e9. Sans \u00eatre na\u00eff sous pr\u00e9texte de tol\u00e9rance qui peut s&#8217;apparenter \u00e0 du laxisme et accorder un blanc seing \u00e0 tout et \u00e0 n&#8217;importe quoi, il convient d&#8217;\u00eatre vigilant afin de ne jamais devenir un jour, de par ses origines, le paria d&#8217;un &#8220;ordre nouveau&#8221;.<\/p>\n","protected":false},"excerpt":{"rendered":"<p>Mon p\u00e8re est n\u00e9 en 1913 \u00e0 Alcazaren, dans un petit village d&#8217;Espagne. Fils d&#8217;Antonio et de Nemesia. La famille compte cinq enfants, quatre fr\u00e8res et une s\u0153ur, la plus jeune de la fratrie, prot\u00e9g\u00e9e par des gar\u00e7ons tout \u00e0 &hellip; <a href=\"https:\/\/www.humericbox.com\/?p=928\">Continuer la lecture <span class=\"meta-nav\">&rarr;<\/span><\/a><\/p>\n","protected":false},"author":1,"featured_media":0,"comment_status":"open","ping_status":"open","sticky":false,"template":"","format":"standard","meta":{"_s2mail":"yes","jetpack_post_was_ever_published":false,"_jetpack_newsletter_access":"","_jetpack_dont_email_post_to_subs":false,"_jetpack_newsletter_tier_id":0,"_jetpack_memberships_contains_paywalled_content":false,"_jetpack_memberships_contains_paid_content":false,"footnotes":"","jetpack_publicize_message":"","jetpack_publicize_feature_enabled":true,"jetpack_social_post_already_shared":false,"jetpack_social_options":{"image_generator_settings":{"template":"highway","default_image_id":0,"font":"","enabled":false},"version":2}},"categories":[88],"tags":[26,77,114],"class_list":["post-928","post","type-post","status-publish","format-standard","hentry","category-au-fil-des-jours","tag-immigres","tag-noir-et-blanc","tag-photos"],"jetpack_publicize_connections":[],"jetpack_featured_media_url":"","jetpack_shortlink":"https:\/\/wp.me\/p23bL2-eY","jetpack_sharing_enabled":true,"jetpack_likes_enabled":true,"_links":{"self":[{"href":"https:\/\/www.humericbox.com\/index.php?rest_route=\/wp\/v2\/posts\/928","targetHints":{"allow":["GET"]}}],"collection":[{"href":"https:\/\/www.humericbox.com\/index.php?rest_route=\/wp\/v2\/posts"}],"about":[{"href":"https:\/\/www.humericbox.com\/index.php?rest_route=\/wp\/v2\/types\/post"}],"author":[{"embeddable":true,"href":"https:\/\/www.humericbox.com\/index.php?rest_route=\/wp\/v2\/users\/1"}],"replies":[{"embeddable":true,"href":"https:\/\/www.humericbox.com\/index.php?rest_route=%2Fwp%2Fv2%2Fcomments&post=928"}],"version-history":[{"count":2,"href":"https:\/\/www.humericbox.com\/index.php?rest_route=\/wp\/v2\/posts\/928\/revisions"}],"predecessor-version":[{"id":8381,"href":"https:\/\/www.humericbox.com\/index.php?rest_route=\/wp\/v2\/posts\/928\/revisions\/8381"}],"wp:attachment":[{"href":"https:\/\/www.humericbox.com\/index.php?rest_route=%2Fwp%2Fv2%2Fmedia&parent=928"}],"wp:term":[{"taxonomy":"category","embeddable":true,"href":"https:\/\/www.humericbox.com\/index.php?rest_route=%2Fwp%2Fv2%2Fcategories&post=928"},{"taxonomy":"post_tag","embeddable":true,"href":"https:\/\/www.humericbox.com\/index.php?rest_route=%2Fwp%2Fv2%2Ftags&post=928"}],"curies":[{"name":"wp","href":"https:\/\/api.w.org\/{rel}","templated":true}]}}