{"id":6333,"date":"2019-02-18T12:29:40","date_gmt":"2019-02-18T12:29:40","guid":{"rendered":"http:\/\/www.humericbox.com\/?p=6333"},"modified":"2019-03-13T07:00:51","modified_gmt":"2019-03-13T07:00:51","slug":"le-jaune-te-va-si-bien","status":"publish","type":"post","link":"https:\/\/www.humericbox.com\/?p=6333","title":{"rendered":"Le blanc et le jaune"},"content":{"rendered":"\n<ul class=\"wp-block-gallery columns-1 is-cropped wp-block-gallery-1 is-layout-flex wp-block-gallery-is-layout-flex\"><li class=\"blocks-gallery-item\"><figure><img data-recalc-dims=\"1\" loading=\"lazy\" decoding=\"async\" width=\"584\" height=\"623\" data-attachment-id=\"6281\" data-permalink=\"https:\/\/www.humericbox.com\/?attachment_id=6281\" data-orig-file=\"https:\/\/i0.wp.com\/www.humericbox.com\/wp-content\/uploads\/2019\/02\/shoot-D4-5033.jpg?fit=652%2C696&amp;ssl=1\" data-orig-size=\"652,696\" data-comments-opened=\"1\" data-image-meta=\"{&quot;aperture&quot;:&quot;0&quot;,&quot;credit&quot;:&quot;&quot;,&quot;camera&quot;:&quot;&quot;,&quot;caption&quot;:&quot;&quot;,&quot;created_timestamp&quot;:&quot;0&quot;,&quot;copyright&quot;:&quot;&quot;,&quot;focal_length&quot;:&quot;0&quot;,&quot;iso&quot;:&quot;0&quot;,&quot;shutter_speed&quot;:&quot;0&quot;,&quot;title&quot;:&quot;&quot;,&quot;orientation&quot;:&quot;0&quot;}\" data-image-title=\"shoot-D4&amp;#8211;5033\" data-image-description=\"\" data-image-caption=\"\" data-medium-file=\"https:\/\/i0.wp.com\/www.humericbox.com\/wp-content\/uploads\/2019\/02\/shoot-D4-5033.jpg?fit=281%2C300&amp;ssl=1\" data-large-file=\"https:\/\/i0.wp.com\/www.humericbox.com\/wp-content\/uploads\/2019\/02\/shoot-D4-5033.jpg?fit=584%2C623&amp;ssl=1\" src=\"https:\/\/i0.wp.com\/www.humericbox.com\/wp-content\/uploads\/2019\/02\/shoot-D4-5033.jpg?resize=584%2C623&#038;ssl=1\" alt=\"\" data-id=\"6281\" data-link=\"https:\/\/www.humericbox.com\/quoi-ma-gueule__trashed\/shoot-d4-5033\/\" class=\"wp-image-6281\" srcset=\"https:\/\/i0.wp.com\/www.humericbox.com\/wp-content\/uploads\/2019\/02\/shoot-D4-5033.jpg?resize=609%2C650&amp;ssl=1 609w, https:\/\/i0.wp.com\/www.humericbox.com\/wp-content\/uploads\/2019\/02\/shoot-D4-5033.jpg?resize=281%2C300&amp;ssl=1 281w, https:\/\/i0.wp.com\/www.humericbox.com\/wp-content\/uploads\/2019\/02\/shoot-D4-5033.jpg?w=652&amp;ssl=1 652w\" sizes=\"auto, (max-width: 584px) 100vw, 584px\" \/><\/figure><\/li><\/ul>\n\n\n\n<p class=\"has-medium-font-size\"><strong>L\u2019union c\u2019est la farce<\/strong><\/p>\n\n\n\n<p>Au d\u00e9but, tout ce jaune \u00e7a brillait un peu comme un beau soleil, comme une grande fraternit\u00e9 qui n\u2019avait plus exist\u00e9 depuis bien longtemps. Voil\u00e0, on allait enfin s\u2019aimer, s\u2019aider, partager comme des fr\u00e8res et des s\u0153urs trop longtemps \u00e9loign\u00e9s les uns des autres. On allait marcher ensemble pour r\u00e9clamer notre part de bonheur. Ils allaient voir &#8211; ces nantis &#8211; ce que c\u2019est qu\u2019un peuple en col\u00e8re ! On allait leur dire aux politicards comment on survit dans les provinces de la France profonde. Baisser la t\u00eate sans rien dire, c\u2019est fini messieurs les \u00e9lites. Chacun se reconnaissait dans son voisin, m\u00eames inqui\u00e9tudes \u00e0 propos de l\u2019avenir, m\u00eames gal\u00e8res \u00e9prouv\u00e9es. Un seul r\u00e9cit de vie ressemblait \u00e0 tous les autres. C\u2019\u00e9tait l\u2019expression d\u2019une voix unanime, universelle, populaire. Il y avait du bien, du bon, de la g\u00e9n\u00e9rosit\u00e9 dans toutes ces expressions du peuple des p\u00e9riph\u00e9ries. Les fourberies des politiques et des r\u00e9cup\u00e9rateurs de tous poils \u00e9taient d\u00e9crypt\u00e9es promptement et in\u00e9vitablement remises en cause. Les id\u00e9es fusaient dict\u00e9es par l\u2019exp\u00e9rience. Il \u00e9manait des premiers jours, une intelligence qui faisait force de vie et d\u2019espoir.<\/p>\n\n\n\n<p>Et puis\u2026et puis, comme un \u00eatre humain n\u2019est jamais un tout parfaitement pur, le peuple a produit aussi son purin. Sont apparues avec violence les scories identitaires, de l\u2019ultra gauche comme celles de l\u2019extr\u00eame droite, sans oublier tout simplement une cohorte de casseurs qui, on le sait, ont autant de r\u00e9flexion et d\u2019id\u00e9ologie qu\u2019une \u00e9ponge priv\u00e9e d\u2019eau. Les maux des uns sont toujours cons\u00e9cutifs \u00e0 la pr\u00e9sence des autres. On parle de parole lib\u00e9r\u00e9e, mais j\u2019entends surtout des vocif\u00e9rations, des insultes \u00e0 tout va. Sous pr\u00e9texte de solidarit\u00e9 a un mouvement populaire, ce sont les populistes homophobes, sexistes, racistes, antis\u00e9mites qui viennent polluer un mouvement qui se veut avant tout social. Les barbares occupent la rue afin de cr\u00e9er le chaos. Ceux qui ont la ranc\u0153ur au c\u0153ur, la l\u00e2chet\u00e9 chevill\u00e9e au corps, profitent de l\u2019anonymat du nombre pour d\u00e9verser leur haine. Tous unis, mais unis \u00e0 qui ?<\/p>\n\n\n\n<p class=\"has-medium-font-size\"><strong>T\u00eate de Turc<\/strong><\/p>\n\n\n\n<p>J\u2019ai le sentiment de ne plus \u00eatre vraiment quelque part, de ne plus habiter l\u00e0 ou je suis. Ce matin chose \u00e9trange, devant la glace je me suis observ\u00e9 sous toutes les coutures avec une pr\u00e9cision quasi obsessionnelle. Je me suis examin\u00e9 trait apr\u00e8s trait, afin de savoir si je n\u2019avais pas une t\u00eate anormale. Je finis par douter ! Avec tout ce qui se passe, tout ce que l\u2019on voit et qu\u2019on entend on devient vite parano\u00efaque. Pour un rien, on peut se transformer en \u201ct\u00eate de Turc\u201d. On ne se reconna\u00eet plus entre amis. Le jaune devient une couleur \u201cmot de passe\u201d qu\u2019il faut rev\u00eatir pour tourner en rond. Afficher sa diff\u00e9rence, c\u2019est montrer une \u201cgueule\u201d&nbsp; (un \u00e9tat) incompatible avec le sens du courant. Il ne fait pas bon porter une \u00e9tiquette politique ou id\u00e9ologique. Certains se retrouvent abreuv\u00e9s d\u2019insultes, les murs de leur maison tagu\u00e9s d\u2019une haine inou\u00efe, quand ce ne sont pas des attaques physiques ou tout simplement l\u2019intimidation par le feu. J\u2019essaie de me rassurer en me disant que finalement ma t\u00eate est assez quelconque. C\u2019est \u00e7a que je veux, \u00eatre n\u2019importe qui, me fondre dans le monde d\u2019en bas. Pas trop de signes physiques ou ostentatoires qui me diff\u00e9rencieraient de fa\u00e7on excessive. Tout de m\u00eame, c\u2019est paradoxal qu\u2019un mouvement qui r\u00e9clame plus de justice sociale et qui pr\u00f4ne la libert\u00e9 de parole, impose une si grande intol\u00e9rance \u00e0 la moindre t\u00eate qui d\u00e9passe. Une pratique r\u00e9vocatoire \u00e0 propos de certaines personnes, ou id\u00e9es ne cacherait-elle pas un l\u00e9ger go\u00fbt pour l\u2019exclusion sociale, ethnique ou religieuse. L\u2019id\u00e9e qui laisse \u00e0 penser que la physionomie de l\u2019individu permet d\u2019en d\u00e9duire sa personnalit\u00e9 compte encore beaucoup de supporters. Nous serions comme un livre ouvert sur nos origines et sur notre \u00eatre le plus intime. Je pensais que la \u201cmorphopsychologie\u201d avait montr\u00e9 ses limites et ses dangers, surtout utilis\u00e9e de mani\u00e8re caricaturale par des gens peu inform\u00e9s ou malfaisants. L\u2019histoire en t\u00e9moigne.&nbsp;<\/p>\n\n\n\n<p class=\"has-medium-font-size\"><strong>Brouillon de culture<\/strong><\/p>\n\n\n\n<p>D\u00e9sormais je fais aussi tr\u00e8s attention \u00e0 mon langage. J\u2019utilise des mots simples, de mots pas trop recherch\u00e9s ou trop \u00e9labor\u00e9s. Je m\u2019\u00e9vertue \u00e0 parler en ponctuant de temps en temps mes phrases avec un mot choquant\u2026histoire de montrer ma d\u00e9termination (c\u2019est viril d\u2019\u00eatre un peu fruste) et surtout je ne veux pas qu\u2019on me confonde avec l\u2019\u00e9lite. C\u2019est tr\u00e8s mal vu de faire partie de l\u2019\u00e9lite ou des nantis. La culture serait tr\u00e8s mauvaise pour la d\u00e9mocratie. J\u2019ai lu sur les r\u00e9seaux sociaux des messages remettant en cause l\u2019\u00e9ducation nationale. L\u2019\u00e9ducation nationale favoriserait la servitude des enfants vis \u00e0 vis du pays. \u00c9tudier, devenir un bon \u00e9l\u00e8ve serait une man\u0153uvre du gouvernement pour domestiquer les cerveaux. Enseigner serait donc une bonne m\u00e9thode (un complot, il faut le dire) pour produire de bons soldats au service du grand capital ou d\u2019un certain mondialisme. C\u2019est vrai, on n\u2019est jamais aussi bien inform\u00e9 que par les r\u00e9seaux sociaux. Maintenant, je sais que la terre est vraiment plate, que les attentats de Nice et de Strasbourg n\u2019en \u00e9taient pas et que les vaccins ne servent \u00e0 rien, voire sont dangereux pour la sant\u00e9. Mais de cela, il ne faut pas parler car il y a une collusion entre les laboratoires et le gouvernement. Et sachez le des soci\u00e9t\u00e9s secr\u00e8tes dirigent le monde. Mais chut\u2026nous sommes \u00e9cout\u00e9s !<br><\/p>\n","protected":false},"excerpt":{"rendered":"<p>L\u2019union c\u2019est la farce Au d\u00e9but, tout ce jaune \u00e7a brillait un peu comme un beau soleil, comme une grande fraternit\u00e9 qui n\u2019avait plus exist\u00e9 depuis bien longtemps. Voil\u00e0, on allait enfin s\u2019aimer, s\u2019aider, partager comme des fr\u00e8res et des &hellip; <a href=\"https:\/\/www.humericbox.com\/?p=6333\">Continuer la lecture <span class=\"meta-nav\">&rarr;<\/span><\/a><\/p>\n","protected":false},"author":1,"featured_media":0,"comment_status":"open","ping_status":"open","sticky":false,"template":"","format":"standard","meta":{"_s2mail":"","jetpack_post_was_ever_published":false,"_jetpack_newsletter_access":"","_jetpack_dont_email_post_to_subs":false,"_jetpack_newsletter_tier_id":0,"_jetpack_memberships_contains_paywalled_content":false,"_jetpack_memberships_contains_paid_content":false,"footnotes":"","jetpack_publicize_message":"","jetpack_publicize_feature_enabled":true,"jetpack_social_post_already_shared":true,"jetpack_social_options":{"image_generator_settings":{"template":"highway","default_image_id":0,"font":"","enabled":false},"version":2}},"categories":[88],"tags":[128],"class_list":["post-6333","post","type-post","status-publish","format-standard","hentry","category-au-fil-des-jours","tag-jaune"],"jetpack_publicize_connections":[],"jetpack_featured_media_url":"","jetpack_shortlink":"https:\/\/wp.me\/p23bL2-1E9","jetpack_sharing_enabled":true,"jetpack_likes_enabled":true,"_links":{"self":[{"href":"https:\/\/www.humericbox.com\/index.php?rest_route=\/wp\/v2\/posts\/6333","targetHints":{"allow":["GET"]}}],"collection":[{"href":"https:\/\/www.humericbox.com\/index.php?rest_route=\/wp\/v2\/posts"}],"about":[{"href":"https:\/\/www.humericbox.com\/index.php?rest_route=\/wp\/v2\/types\/post"}],"author":[{"embeddable":true,"href":"https:\/\/www.humericbox.com\/index.php?rest_route=\/wp\/v2\/users\/1"}],"replies":[{"embeddable":true,"href":"https:\/\/www.humericbox.com\/index.php?rest_route=%2Fwp%2Fv2%2Fcomments&post=6333"}],"version-history":[{"count":4,"href":"https:\/\/www.humericbox.com\/index.php?rest_route=\/wp\/v2\/posts\/6333\/revisions"}],"predecessor-version":[{"id":6338,"href":"https:\/\/www.humericbox.com\/index.php?rest_route=\/wp\/v2\/posts\/6333\/revisions\/6338"}],"wp:attachment":[{"href":"https:\/\/www.humericbox.com\/index.php?rest_route=%2Fwp%2Fv2%2Fmedia&parent=6333"}],"wp:term":[{"taxonomy":"category","embeddable":true,"href":"https:\/\/www.humericbox.com\/index.php?rest_route=%2Fwp%2Fv2%2Fcategories&post=6333"},{"taxonomy":"post_tag","embeddable":true,"href":"https:\/\/www.humericbox.com\/index.php?rest_route=%2Fwp%2Fv2%2Ftags&post=6333"}],"curies":[{"name":"wp","href":"https:\/\/api.w.org\/{rel}","templated":true}]}}