{"id":5909,"date":"2018-08-13T15:45:48","date_gmt":"2018-08-13T15:45:48","guid":{"rendered":"http:\/\/www.humericbox.com\/?p=5909"},"modified":"2019-09-19T12:08:45","modified_gmt":"2019-09-19T12:08:45","slug":"in-memoriam-2","status":"publish","type":"post","link":"https:\/\/www.humericbox.com\/?p=5909","title":{"rendered":"In memoriam"},"content":{"rendered":"<p><strong><img data-recalc-dims=\"1\" loading=\"lazy\" decoding=\"async\" data-attachment-id=\"5921\" data-permalink=\"https:\/\/www.humericbox.com\/?attachment_id=5921\" data-orig-file=\"https:\/\/i0.wp.com\/www.humericbox.com\/wp-content\/uploads\/2018\/08\/in-memoriam-a-01.jpg?fit=650%2C298&amp;ssl=1\" data-orig-size=\"650,298\" data-comments-opened=\"1\" data-image-meta=\"{&quot;aperture&quot;:&quot;0&quot;,&quot;credit&quot;:&quot;&quot;,&quot;camera&quot;:&quot;&quot;,&quot;caption&quot;:&quot;&quot;,&quot;created_timestamp&quot;:&quot;0&quot;,&quot;copyright&quot;:&quot;&quot;,&quot;focal_length&quot;:&quot;0&quot;,&quot;iso&quot;:&quot;0&quot;,&quot;shutter_speed&quot;:&quot;0&quot;,&quot;title&quot;:&quot;&quot;,&quot;orientation&quot;:&quot;0&quot;}\" data-image-title=\"in memoriam-a-01\" data-image-description=\"\" data-image-caption=\"\" data-medium-file=\"https:\/\/i0.wp.com\/www.humericbox.com\/wp-content\/uploads\/2018\/08\/in-memoriam-a-01.jpg?fit=300%2C138&amp;ssl=1\" data-large-file=\"https:\/\/i0.wp.com\/www.humericbox.com\/wp-content\/uploads\/2018\/08\/in-memoriam-a-01.jpg?fit=584%2C268&amp;ssl=1\" class=\"alignleft size-full wp-image-5921\" src=\"https:\/\/i0.wp.com\/www.humericbox.com\/wp-content\/uploads\/2018\/08\/in-memoriam-a-01.jpg?resize=584%2C268&#038;ssl=1\" alt=\"\" width=\"584\" height=\"268\" srcset=\"https:\/\/i0.wp.com\/www.humericbox.com\/wp-content\/uploads\/2018\/08\/in-memoriam-a-01.jpg?w=650&amp;ssl=1 650w, https:\/\/i0.wp.com\/www.humericbox.com\/wp-content\/uploads\/2018\/08\/in-memoriam-a-01.jpg?resize=300%2C138&amp;ssl=1 300w, https:\/\/i0.wp.com\/www.humericbox.com\/wp-content\/uploads\/2018\/08\/in-memoriam-a-01.jpg?resize=500%2C229&amp;ssl=1 500w\" sizes=\"auto, (max-width: 584px) 100vw, 584px\" \/><\/strong><\/p>\n<p><strong>Aborder la Shoah (extermination des juifs) que ce soit par l\u2019\u00e9criture, l\u2019image ou tout autre mode d\u2019expression est un sujet aussi difficile que d\u00e9licat \u00e0 mettre en \u0153uvre. La monstruosit\u00e9, l\u2019horreur sont telles que tout entreprise, para\u00eet bien d\u00e9risoire, voire vou\u00e9e \u00e0 l\u2019\u00e9chec \u00e0 en produire les moindres mots, les moindres images.<\/strong><br \/>\nC\u2019est justement d\u2019une tentative d\u2019images qu\u2019il est question ici, d\u2019interpr\u00e9tation \u00e0 partir de documents photographiques existants. J\u2019ai essay\u00e9 de poser une fen\u00eatre sur cet \u00e9v\u00e9nement tragique comme pour mieux en appr\u00e9hender toute l\u2019inhumanit\u00e9. \u00c0 travers ce cadre se sont impos\u00e9es des figures, silencieuses, graves, m\u00eal\u00e9es comme dans un cauchemar o\u00f9 chaque porte entrouverte laisse \u00e9chapper un flot d\u2019ombres et de lumi\u00e8res.<\/p>\n<p>Aussi loin que je me retourne sur mon pass\u00e9, bien des r\u00e9cits et bien des images concernant l\u2019Holocauste hantent mes souvenirs. Rien, dans ma famille ou parmi mes proches amis ne peut expliquer la pr\u00e9sence de ces spectres qui m\u2019habitent depuis un demi si\u00e8cle \u00e0 part la d\u00e9faillance de ma sensibilit\u00e9 ou de l\u2019hypertrophie de mon \u00e9motion dont l\u2019horreur serait la g\u00e9nitrice mal\u00e9fique. Il me fallait produire ces images, mes images. Il me fallait un jour avec tout le respect que je dois aux victimes et une toute aussi grande r\u00e9pugnance pour leurs bourreaux, tenter &#8211; non pas de me d\u00e9barrasser de fant\u00f4mes &#8211; mais au contraire, de les rendre visibles en les faisant passer de la repr\u00e9sentation photographique \u00e0 la repr\u00e9sentation picturale. Comme si la mati\u00e8re, apport\u00e9e par le pinceau, le geste qui pose chaque touche intens\u00e9ment, pouvait permettre une ultime survie. Comme si perp\u00e9tuer encore une fois le souvenir allait contribuer \u00e0 une certaine \u201cincarnation\u201d. Mais, faire ressurgir les archives, c\u2019\u00e9tait aussi rappeler son cort\u00e8ge de perversit\u00e9. Si on peut penser que l\u2019histoire ne se r\u00e9p\u00e8te pas, je peux imaginer qu\u2019il existe parmi nous tout autant de prochaines victimes que de bourreaux et les \u201cidentifier\u201d aujourd\u2019hui est impossible car on ne sait jamais comment se r\u00e9v\u00e8le l\u2019homme dans certaines circonstances.<\/p>\n<p>Il me fallait repr\u00e9senter les monstres qui de leur haine aveugle ont particip\u00e9, pers\u00e9cut\u00e9, mis \u00e0 mort des hommes, des femmes, des enfants en les r\u00e9duisant en cendres apr\u00e8s avoir an\u00e9anti leur dignit\u00e9. Cela pouvait para\u00eetre incongru, voire inutile. Cependant ne pas montrer le tortionnaire c\u2019\u00e9tait aussi l\u2019exon\u00e9rer de toute responsabilit\u00e9. Et les visages de ces tortionnaires &#8211; en les observant et en les d\u00e9taillant pour les peindre &#8211; se sont r\u00e9v\u00e9l\u00e9s encore plus monstrueux par leur apparente \u201cnormalit\u00e9\u201d.<\/p>\n<p>Je ne pr\u00e9tends nullement faire une exposition historique ou documentaire \u00e0 travers ces peintures et encore moins en retirer une quelconque reconnaissance morale ou artistique. Les portraits se veulent \u00eatre surtout un rappel \u00e0 la m\u00e9moire \u00e0 l\u2019heure o\u00f9 l\u2019antis\u00e9mitisme, le racisme de tout poil, l\u2019extr\u00e9misme religieux, et toute forme de b\u00eatise qui exclut l\u2019autre rena\u00eet ici et l\u00e0, aussi bien en Europe que dans le monde. J\u2019aurai pu aussi, comme chacun peut le penser, m\u2019abstenir de peindre \u00e0 partir des documents sur l\u2019Holocauste mis \u00e0 ma disposition. Mais l\u00e0 est un autre d\u00e9bat concernant la relation que peut entretenir tout \u201c\u00eatre humain\u201d avec ses propres t\u00e9n\u00e8bres.<\/p>\n<p>Des camps de concentration et d\u2019extermination, il ne reste souvent en m\u00e9moire que des images de charniers, des corps d\u00e9membr\u00e9s, des visages \u00e9maci\u00e9s sur des ch\u00e2lits, des \u00eatres fantomatiques qui semblent errer parmi leurs lib\u00e9rateurs. Il existe une grande confusion dans les images, souvent \u00e9dit\u00e9es dans la pr\u00e9cipitation de l\u2019\u00e9poque. Des photographies publi\u00e9es sans grande pr\u00e9caution d\u2019exactitude concernant les identit\u00e9s des victimes, mal l\u00e9gend\u00e9es sur les dates, les lieux etc\u2026Mes peintures ne sont pas la copie exacte des documents photographiques. Mais, malgr\u00e9 leur interpr\u00e9tation (souvent \u00e9loign\u00e9e de la repr\u00e9sentation photographique), j\u2019ai essay\u00e9 de les l\u00e9gender dans la mesure du possible sans pr\u00e9tendre \u00e0 l\u2019exactitude. Les comparatifs de libell\u00e9s que j\u2019ai pu entreprendre pour certaines photos et publications t\u00e9moignent de grandes contradictions.<\/p>\n<p>Une exposition photographique, est tr\u00e8s souvent construite selon un cheminement bien \u00e9tabli. Selon une chronologie, historique, artistique ou \u00e9motionnelle et des panneaux explicatifs, accompagnent les \u0153uvres ou documents. Cet itin\u00e9raire permet au visiteur, de photo en photo, de salle en salle, d\u2019appr\u00e9hender correctement l\u2019exposition selon le rythme souhait\u00e9 par l\u2019organisateur. Ce processus didactique n\u2019existe pas forc\u00e9ment sur internet et les les images sont le plus souvent livr\u00e9es brutes \u00e0 l\u2019internaute. En r\u00e9ponse \u00e0 cette carence j\u2019ai tent\u00e9 une sorte de progression virtuelle qui \u00e9tait somme toute tr\u00e8s conceptuelle et n\u2019a peut-\u00eatre pas \u00e9t\u00e9 bien per\u00e7ue.<\/p>\n<p>Sur les portraits j\u2019ai tent\u00e9 dans un premier temps la technique de \u201cdistanciation\u201d (floutage)\u201d. Comme le d\u00e9finit le peintre \u201cGerhard Richter\u201d dans le texte suivant, je me suis rendu compte bien vite que cet \u00e9loignement par rapport \u00e0 la r\u00e9alit\u00e9, ne me permettait plus de rendre les visages expressifs.<br \/>\nJ\u2019ai donc commenc\u00e9 avec une facture habituelle cette s\u00e9rie en noir et blanc comme le sont la plupart des documents r\u00e9alis\u00e9s \u00e0 l\u2019\u00e9poque de la lib\u00e9ration des camps. Il m\u2019\u00e9tait n\u00e9cessaire tout d\u2019abord de poser le th\u00e8me en quelques images symboliques et \u201credondantes\u201d des camps d\u2019extermination. Il n\u2019a jamais \u00e9t\u00e9 question de c\u00e9der \u00e0 un voyeurisme malsain en repr\u00e9sentant des charniers ou d\u2019exploiter l\u2019atrocit\u00e9 en utilisant des photos choquantes ou obsc\u00e8nes. La couleur s\u2019est initi\u00e9e progressivement dans la galerie pour rendre chaque portrait plus \u00e9loquent, comme faisant partie de notre quotidien, de notre temps d\u2019aujourd\u2019hui. L\u2019id\u00e9e \u00e9tant de faire oublier que nous \u00e9tions dans un autre espace temps, et de ne plus consid\u00e9rer ces hommes et ces femmes comme des silhouettes du pass\u00e9, mais comme des personnes bien r\u00e9elles le temps d\u2019une vision. Il me fallait implanter chacun des personnages ici et maintenant. Puis la couleur d\u00e9fraichit, p\u00e2lit, se fl\u00e9trit pour certains portraits comme les teintes d\u2019une image trop longtemps expos\u00e9e au soleil. D\u2019autres peintures se sont durcies \u00e0 l\u2019exemple d\u2019une image reproduite encore et encore telle une photocopie qui sombre dans un uniforme bitume .<\/p>\n<p>Cette s\u00e9rie de peintures a imm\u00e9diatement pos\u00e9 le probl\u00e8me de la reconnaissance. Que convenait t\u2019il de commenter ? La peinture, le style, la ma\u00eetrise du peintre, le sujet, l\u2019\u00e9motion que l\u2019image suscitait. Comment appr\u00e9cier des images qui reposent sur un th\u00e8me relatif \u00e0 la monstruosit\u00e9. Je n\u2019ai pas la r\u00e9ponse. Je pense que les visiteurs ont leur propre id\u00e9e. En tout \u00e9tat de cause, j\u2019ai le sentiment d\u2019avoir fait ce que ma conscience m\u2019indiquait de faire.<\/p>\n<p>Les images, lorsqu\u2019elles ne deviennent pas des \u201cic\u00f4nes\u201d tendent vers l\u2019indiff\u00e9rence, vers le commun, remplac\u00e9es par d\u2019autres plus r\u00e9centes, plus en accord avec notre \u00e9poque. Les photos de la Shoah, leur durabilit\u00e9, leur conservation sont comparables au travail de notre m\u00e9moire\u2026fragiles, soumises \u00e0 l\u2019effacement et parfois aussi \u00e0 la manipulation. Un ami me disait que la visite du camp d\u2019Auschwitz comptait plus de touristes asiatiques que d\u2019europ\u00e9ens alors que nous ne sommes qu\u2019\u00e0 deux heures d\u2019avion du site. L\u2019oubli est-il donc en marche ?<\/p>\n<p>Je rapporterai ce texte d\u2019<strong>Arno Gisinger<\/strong> (dans M\u00e9moire de camps : Photographies des camps de concentration et d\u2019extermination nazie &#8211; 1933-1999) \u00e0 propos de Gerhard Richter, qui montre la difficult\u00e9 que la peinture peut avoir \u00e0 traduire l\u2019extermination de mani\u00e8re frontale.<br \/>\n<span style=\"color: #993366;\">\u201cDans les productions contemporaines, il existe enfin une derni\u00e8re cat\u00e9gorie d&#8217;artistes qui a choisi d&#8217;utiliser comme vecteur de la m\u00e9moire culturelle les images d&#8217;archives plut\u00f4t que les objets, les lieux ou les \u00eatres humains. La tentative du peintre Gerhard Richter, de retranscrire sous la forme de tableaux peints des photographies d&#8217;archives, peut \u00eatre consid\u00e9r\u00e9e comme un point de r\u00e9f\u00e9rence pour cette cat\u00e9gorie de travaux. Richter effectua dans les ann\u00e9es 1960 des recherches pr\u00e9paratoires pour une s\u00e9rie sur les camps. Comme en t\u00e9moigne Atlas, son recueil &#8220;d&#8217;esquisses photographiques&#8221;, il collecta alors des images d&#8217;archives dont il r\u00e9alisa des reproductions volontairement floues. Aucun tableau utilisant, de pr\u00e8s ou de loin, ces photographies ne vit cependant le jour. Richter expliqua d&#8217;ailleurs qu&#8217;il avait rapidement d\u00fb renoncer \u00e0 sa technique habituelle de distanciation par le flou. Selon Fred Jahn c&#8217;est parce qu&#8217;il &#8220;ne voulait pas mettre en jeu de mani\u00e8re inconsid\u00e9r\u00e9e l&#8217;exigence morale de l&#8217;art&#8221;. La transformation de documents photographiques mim\u00e9tiques en images peintes, proc\u00e9d\u00e9 maintes fois utilis\u00e9 par l&#8217;artiste, semblait vou\u00e9e \u00e0 l&#8217;\u00e9chec car &#8220;l&#8217;horreur et les souffrances atroces montr\u00e9es par les prises de vue originales ne [pouvaient] subir aucune transformation esth\u00e9tique, celle-ci ayant pour r\u00e9sultat la disparition de l&#8217;individu, et finalement la banalisation&#8221;. Il est tentant d&#8217;interpr\u00e9ter cet &#8220;\u00e9chec&#8221; de Richter comme un constat d&#8217;impuissance de la peinture face \u00e0 l&#8217;effet percutant des photographies d&#8217;archives. Mais, \u00e0 y regarder de plus pr\u00e8s, il semble que les interrogations \u00e9thiques et esth\u00e9tiques de Richter aient \u00e9t\u00e9 finalement productives. Car, par la suite, Richter \u00e9tablit un rapport direct entre ce constat d&#8217;\u00e9chec et la gen\u00e8se en 1970 de sa s\u00e9rie de monochromes gris. Par cette s\u00e9rie, l&#8217;abstraction, c&#8217;est-\u00e0-dire l&#8217;impossibilit\u00e9 de la figuration, s&#8217;\u00e9tait impos\u00e9e \u00e0 lui comme la seule et unique solution pour repr\u00e9senter l&#8217;extermination.\u201d<\/span><\/p>\n\n\t\t<style type=\"text\/css\">\n\t\t\t#gallery-1 {\n\t\t\t\tmargin: auto;\n\t\t\t}\n\t\t\t#gallery-1 .gallery-item {\n\t\t\t\tfloat: left;\n\t\t\t\tmargin-top: 10px;\n\t\t\t\ttext-align: center;\n\t\t\t\twidth: 33%;\n\t\t\t}\n\t\t\t#gallery-1 img {\n\t\t\t\tborder: 2px solid #cfcfcf;\n\t\t\t}\n\t\t\t#gallery-1 .gallery-caption {\n\t\t\t\tmargin-left: 0;\n\t\t\t}\n\t\t\t\/* see gallery_shortcode() in wp-includes\/media.php *\/\n\t\t<\/style>\n\t\t<div data-carousel-extra='{&quot;blog_id&quot;:1,&quot;permalink&quot;:&quot;https:\/\/www.humericbox.com\/?p=5909&quot;}' id='gallery-1' class='gallery galleryid-5909 gallery-columns-3 gallery-size-thumbnail'><dl class='gallery-item'>\n\t\t\t<dt class='gallery-icon portrait'>\n\t\t\t\t<img loading=\"lazy\" decoding=\"async\" width=\"150\" height=\"150\" src=\"https:\/\/i0.wp.com\/www.humericbox.com\/wp-content\/uploads\/2018\/08\/in-memoriam-a-02.jpg?resize=150%2C150&amp;ssl=1\" class=\"attachment-thumbnail size-thumbnail\" alt=\"\" aria-describedby=\"gallery-1-5922\" srcset=\"https:\/\/i0.wp.com\/www.humericbox.com\/wp-content\/uploads\/2018\/08\/in-memoriam-a-02.jpg?resize=150%2C150&amp;ssl=1 150w, https:\/\/i0.wp.com\/www.humericbox.com\/wp-content\/uploads\/2018\/08\/in-memoriam-a-02.jpg?zoom=2&amp;resize=150%2C150&amp;ssl=1 300w\" sizes=\"auto, (max-width: 150px) 100vw, 150px\" data-attachment-id=\"5922\" data-permalink=\"https:\/\/www.humericbox.com\/?attachment_id=5922\" data-orig-file=\"https:\/\/i0.wp.com\/www.humericbox.com\/wp-content\/uploads\/2018\/08\/in-memoriam-a-02.jpg?fit=433%2C650&amp;ssl=1\" data-orig-size=\"433,650\" data-comments-opened=\"1\" data-image-meta=\"{&quot;aperture&quot;:&quot;0&quot;,&quot;credit&quot;:&quot;&quot;,&quot;camera&quot;:&quot;&quot;,&quot;caption&quot;:&quot;&quot;,&quot;created_timestamp&quot;:&quot;0&quot;,&quot;copyright&quot;:&quot;&quot;,&quot;focal_length&quot;:&quot;0&quot;,&quot;iso&quot;:&quot;0&quot;,&quot;shutter_speed&quot;:&quot;0&quot;,&quot;title&quot;:&quot;&quot;,&quot;orientation&quot;:&quot;0&quot;}\" data-image-title=\"in memoriam-a-02\" data-image-description=\"\" data-image-caption=\"&lt;p&gt;Pulv\u00e9risation de produit d\u00e9sinfectant, Vaihingen 13 avril 1945&lt;\/p&gt;\n\" data-medium-file=\"https:\/\/i0.wp.com\/www.humericbox.com\/wp-content\/uploads\/2018\/08\/in-memoriam-a-02.jpg?fit=200%2C300&amp;ssl=1\" data-large-file=\"https:\/\/i0.wp.com\/www.humericbox.com\/wp-content\/uploads\/2018\/08\/in-memoriam-a-02.jpg?fit=433%2C650&amp;ssl=1\" \/>\n\t\t\t<\/dt>\n\t\t\t\t<dd class='wp-caption-text gallery-caption' id='gallery-1-5922'>\n\t\t\t\tPulv\u00e9risation de produit d\u00e9sinfectant, Vaihingen 13 avril 1945\n\t\t\t\t<\/dd><\/dl><dl class='gallery-item'>\n\t\t\t<dt class='gallery-icon portrait'>\n\t\t\t\t<img loading=\"lazy\" decoding=\"async\" width=\"150\" height=\"150\" src=\"https:\/\/i0.wp.com\/www.humericbox.com\/wp-content\/uploads\/2018\/08\/in-memoriam-a-03.jpg?resize=150%2C150&amp;ssl=1\" class=\"attachment-thumbnail size-thumbnail\" alt=\"\" aria-describedby=\"gallery-1-5923\" srcset=\"https:\/\/i0.wp.com\/www.humericbox.com\/wp-content\/uploads\/2018\/08\/in-memoriam-a-03.jpg?resize=150%2C150&amp;ssl=1 150w, https:\/\/i0.wp.com\/www.humericbox.com\/wp-content\/uploads\/2018\/08\/in-memoriam-a-03.jpg?zoom=2&amp;resize=150%2C150&amp;ssl=1 300w\" sizes=\"auto, (max-width: 150px) 100vw, 150px\" data-attachment-id=\"5923\" data-permalink=\"https:\/\/www.humericbox.com\/?attachment_id=5923\" data-orig-file=\"https:\/\/i0.wp.com\/www.humericbox.com\/wp-content\/uploads\/2018\/08\/in-memoriam-a-03.jpg?fit=385%2C650&amp;ssl=1\" data-orig-size=\"385,650\" data-comments-opened=\"1\" data-image-meta=\"{&quot;aperture&quot;:&quot;0&quot;,&quot;credit&quot;:&quot;&quot;,&quot;camera&quot;:&quot;&quot;,&quot;caption&quot;:&quot;&quot;,&quot;created_timestamp&quot;:&quot;0&quot;,&quot;copyright&quot;:&quot;&quot;,&quot;focal_length&quot;:&quot;0&quot;,&quot;iso&quot;:&quot;0&quot;,&quot;shutter_speed&quot;:&quot;0&quot;,&quot;title&quot;:&quot;&quot;,&quot;orientation&quot;:&quot;0&quot;}\" data-image-title=\"in memoriam-a-03\" data-image-description=\"\" data-image-caption=\"&lt;p&gt;Victime, l\u00e9gionnaire fran\u00e7ais, Vaihingen 11 avril 1945&lt;\/p&gt;\n\" data-medium-file=\"https:\/\/i0.wp.com\/www.humericbox.com\/wp-content\/uploads\/2018\/08\/in-memoriam-a-03.jpg?fit=178%2C300&amp;ssl=1\" data-large-file=\"https:\/\/i0.wp.com\/www.humericbox.com\/wp-content\/uploads\/2018\/08\/in-memoriam-a-03.jpg?fit=385%2C650&amp;ssl=1\" \/>\n\t\t\t<\/dt>\n\t\t\t\t<dd class='wp-caption-text gallery-caption' id='gallery-1-5923'>\n\t\t\t\tVictime, l\u00e9gionnaire fran\u00e7ais, Vaihingen 11 avril 1945\n\t\t\t\t<\/dd><\/dl><dl class='gallery-item'>\n\t\t\t<dt class='gallery-icon landscape'>\n\t\t\t\t<img loading=\"lazy\" decoding=\"async\" width=\"150\" height=\"150\" src=\"https:\/\/i0.wp.com\/www.humericbox.com\/wp-content\/uploads\/2018\/08\/in-memoriam-a-04.jpg?resize=150%2C150&amp;ssl=1\" class=\"attachment-thumbnail size-thumbnail\" alt=\"\" aria-describedby=\"gallery-1-5924\" srcset=\"https:\/\/i0.wp.com\/www.humericbox.com\/wp-content\/uploads\/2018\/08\/in-memoriam-a-04.jpg?w=650&amp;ssl=1 650w, https:\/\/i0.wp.com\/www.humericbox.com\/wp-content\/uploads\/2018\/08\/in-memoriam-a-04.jpg?resize=150%2C150&amp;ssl=1 150w, https:\/\/i0.wp.com\/www.humericbox.com\/wp-content\/uploads\/2018\/08\/in-memoriam-a-04.jpg?resize=300%2C300&amp;ssl=1 300w\" sizes=\"auto, (max-width: 150px) 100vw, 150px\" data-attachment-id=\"5924\" data-permalink=\"https:\/\/www.humericbox.com\/?attachment_id=5924\" data-orig-file=\"https:\/\/i0.wp.com\/www.humericbox.com\/wp-content\/uploads\/2018\/08\/in-memoriam-a-04.jpg?fit=650%2C649&amp;ssl=1\" data-orig-size=\"650,649\" data-comments-opened=\"1\" data-image-meta=\"{&quot;aperture&quot;:&quot;0&quot;,&quot;credit&quot;:&quot;&quot;,&quot;camera&quot;:&quot;&quot;,&quot;caption&quot;:&quot;&quot;,&quot;created_timestamp&quot;:&quot;0&quot;,&quot;copyright&quot;:&quot;&quot;,&quot;focal_length&quot;:&quot;0&quot;,&quot;iso&quot;:&quot;0&quot;,&quot;shutter_speed&quot;:&quot;0&quot;,&quot;title&quot;:&quot;&quot;,&quot;orientation&quot;:&quot;0&quot;}\" data-image-title=\"in memoriam-a-04\" data-image-description=\"\" data-image-caption=\"&lt;p&gt;Victime, jeune russe atteint de dysenterie, Dachau fin avril-d\u00e9but mai 1945&lt;\/p&gt;\n\" data-medium-file=\"https:\/\/i0.wp.com\/www.humericbox.com\/wp-content\/uploads\/2018\/08\/in-memoriam-a-04.jpg?fit=300%2C300&amp;ssl=1\" data-large-file=\"https:\/\/i0.wp.com\/www.humericbox.com\/wp-content\/uploads\/2018\/08\/in-memoriam-a-04.jpg?fit=584%2C583&amp;ssl=1\" \/>\n\t\t\t<\/dt>\n\t\t\t\t<dd class='wp-caption-text gallery-caption' id='gallery-1-5924'>\n\t\t\t\tVictime, jeune russe atteint de dysenterie, Dachau fin avril-d\u00e9but mai 1945\n\t\t\t\t<\/dd><\/dl><br style=\"clear: both\" \/><dl class='gallery-item'>\n\t\t\t<dt class='gallery-icon landscape'>\n\t\t\t\t<img loading=\"lazy\" decoding=\"async\" width=\"150\" height=\"150\" src=\"https:\/\/i0.wp.com\/www.humericbox.com\/wp-content\/uploads\/2018\/08\/in-memoriam-a-05.jpg?resize=150%2C150&amp;ssl=1\" class=\"attachment-thumbnail size-thumbnail\" alt=\"\" aria-describedby=\"gallery-1-5925\" srcset=\"https:\/\/i0.wp.com\/www.humericbox.com\/wp-content\/uploads\/2018\/08\/in-memoriam-a-05.jpg?resize=150%2C150&amp;ssl=1 150w, https:\/\/i0.wp.com\/www.humericbox.com\/wp-content\/uploads\/2018\/08\/in-memoriam-a-05.jpg?zoom=2&amp;resize=150%2C150&amp;ssl=1 300w, https:\/\/i0.wp.com\/www.humericbox.com\/wp-content\/uploads\/2018\/08\/in-memoriam-a-05.jpg?zoom=3&amp;resize=150%2C150&amp;ssl=1 450w\" sizes=\"auto, (max-width: 150px) 100vw, 150px\" data-attachment-id=\"5925\" data-permalink=\"https:\/\/www.humericbox.com\/?attachment_id=5925\" data-orig-file=\"https:\/\/i0.wp.com\/www.humericbox.com\/wp-content\/uploads\/2018\/08\/in-memoriam-a-05.jpg?fit=650%2C461&amp;ssl=1\" data-orig-size=\"650,461\" data-comments-opened=\"1\" data-image-meta=\"{&quot;aperture&quot;:&quot;0&quot;,&quot;credit&quot;:&quot;&quot;,&quot;camera&quot;:&quot;&quot;,&quot;caption&quot;:&quot;&quot;,&quot;created_timestamp&quot;:&quot;0&quot;,&quot;copyright&quot;:&quot;&quot;,&quot;focal_length&quot;:&quot;0&quot;,&quot;iso&quot;:&quot;0&quot;,&quot;shutter_speed&quot;:&quot;0&quot;,&quot;title&quot;:&quot;&quot;,&quot;orientation&quot;:&quot;0&quot;}\" data-image-title=\"in memoriam-a-05\" data-image-description=\"\" data-image-caption=\"&lt;p&gt;Victime, \u00c9mile-Andr\u00e9 Poupleau, Auschwitz 8 juillet 1942-17 ao\u00fbt 1942&lt;\/p&gt;\n\" data-medium-file=\"https:\/\/i0.wp.com\/www.humericbox.com\/wp-content\/uploads\/2018\/08\/in-memoriam-a-05.jpg?fit=300%2C213&amp;ssl=1\" data-large-file=\"https:\/\/i0.wp.com\/www.humericbox.com\/wp-content\/uploads\/2018\/08\/in-memoriam-a-05.jpg?fit=584%2C414&amp;ssl=1\" \/>\n\t\t\t<\/dt>\n\t\t\t\t<dd class='wp-caption-text gallery-caption' id='gallery-1-5925'>\n\t\t\t\tVictime, \u00c9mile-Andr\u00e9 Poupleau, Auschwitz 8 juillet 1942-17 ao\u00fbt 1942\n\t\t\t\t<\/dd><\/dl><dl class='gallery-item'>\n\t\t\t<dt class='gallery-icon portrait'>\n\t\t\t\t<img loading=\"lazy\" decoding=\"async\" width=\"150\" height=\"150\" src=\"https:\/\/i0.wp.com\/www.humericbox.com\/wp-content\/uploads\/2018\/08\/in-memoriam-a-06.jpg?resize=150%2C150&amp;ssl=1\" class=\"attachment-thumbnail size-thumbnail\" alt=\"\" aria-describedby=\"gallery-1-5926\" srcset=\"https:\/\/i0.wp.com\/www.humericbox.com\/wp-content\/uploads\/2018\/08\/in-memoriam-a-06.jpg?w=645&amp;ssl=1 645w, https:\/\/i0.wp.com\/www.humericbox.com\/wp-content\/uploads\/2018\/08\/in-memoriam-a-06.jpg?resize=150%2C150&amp;ssl=1 150w, https:\/\/i0.wp.com\/www.humericbox.com\/wp-content\/uploads\/2018\/08\/in-memoriam-a-06.jpg?resize=298%2C300&amp;ssl=1 298w\" sizes=\"auto, (max-width: 150px) 100vw, 150px\" data-attachment-id=\"5926\" data-permalink=\"https:\/\/www.humericbox.com\/?attachment_id=5926\" data-orig-file=\"https:\/\/i0.wp.com\/www.humericbox.com\/wp-content\/uploads\/2018\/08\/in-memoriam-a-06.jpg?fit=645%2C650&amp;ssl=1\" data-orig-size=\"645,650\" data-comments-opened=\"1\" data-image-meta=\"{&quot;aperture&quot;:&quot;0&quot;,&quot;credit&quot;:&quot;&quot;,&quot;camera&quot;:&quot;&quot;,&quot;caption&quot;:&quot;&quot;,&quot;created_timestamp&quot;:&quot;0&quot;,&quot;copyright&quot;:&quot;&quot;,&quot;focal_length&quot;:&quot;0&quot;,&quot;iso&quot;:&quot;0&quot;,&quot;shutter_speed&quot;:&quot;0&quot;,&quot;title&quot;:&quot;&quot;,&quot;orientation&quot;:&quot;0&quot;}\" data-image-title=\"in memoriam-a-06\" data-image-description=\"\" data-image-caption=\"&lt;p&gt;Gardien \u00e0 Buchenwald battu, 20-25 avril 1945&lt;\/p&gt;\n\" data-medium-file=\"https:\/\/i0.wp.com\/www.humericbox.com\/wp-content\/uploads\/2018\/08\/in-memoriam-a-06.jpg?fit=298%2C300&amp;ssl=1\" data-large-file=\"https:\/\/i0.wp.com\/www.humericbox.com\/wp-content\/uploads\/2018\/08\/in-memoriam-a-06.jpg?fit=584%2C589&amp;ssl=1\" \/>\n\t\t\t<\/dt>\n\t\t\t\t<dd class='wp-caption-text gallery-caption' id='gallery-1-5926'>\n\t\t\t\tGardien \u00e0 Buchenwald battu, 20-25 avril 1945\n\t\t\t\t<\/dd><\/dl><dl class='gallery-item'>\n\t\t\t<dt class='gallery-icon portrait'>\n\t\t\t\t<img loading=\"lazy\" decoding=\"async\" width=\"150\" height=\"150\" src=\"https:\/\/i0.wp.com\/www.humericbox.com\/wp-content\/uploads\/2018\/08\/in-memoriam-a-07.jpg?resize=150%2C150&amp;ssl=1\" class=\"attachment-thumbnail size-thumbnail\" alt=\"\" aria-describedby=\"gallery-1-5927\" srcset=\"https:\/\/i0.wp.com\/www.humericbox.com\/wp-content\/uploads\/2018\/08\/in-memoriam-a-07.jpg?resize=150%2C150&amp;ssl=1 150w, https:\/\/i0.wp.com\/www.humericbox.com\/wp-content\/uploads\/2018\/08\/in-memoriam-a-07.jpg?zoom=2&amp;resize=150%2C150&amp;ssl=1 300w\" sizes=\"auto, (max-width: 150px) 100vw, 150px\" data-attachment-id=\"5927\" data-permalink=\"https:\/\/www.humericbox.com\/?attachment_id=5927\" data-orig-file=\"https:\/\/i0.wp.com\/www.humericbox.com\/wp-content\/uploads\/2018\/08\/in-memoriam-a-07.jpg?fit=448%2C650&amp;ssl=1\" data-orig-size=\"448,650\" data-comments-opened=\"1\" data-image-meta=\"{&quot;aperture&quot;:&quot;0&quot;,&quot;credit&quot;:&quot;&quot;,&quot;camera&quot;:&quot;&quot;,&quot;caption&quot;:&quot;&quot;,&quot;created_timestamp&quot;:&quot;0&quot;,&quot;copyright&quot;:&quot;&quot;,&quot;focal_length&quot;:&quot;0&quot;,&quot;iso&quot;:&quot;0&quot;,&quot;shutter_speed&quot;:&quot;0&quot;,&quot;title&quot;:&quot;&quot;,&quot;orientation&quot;:&quot;0&quot;}\" data-image-title=\"in memoriam-a-07\" data-image-description=\"\" data-image-caption=\"&lt;p&gt;Gardien \u00e0 Bergen-Belsen, Franz Starfl, publi\u00e9 dans le Picture Post le 22 septembre 1945&lt;\/p&gt;\n\" data-medium-file=\"https:\/\/i0.wp.com\/www.humericbox.com\/wp-content\/uploads\/2018\/08\/in-memoriam-a-07.jpg?fit=207%2C300&amp;ssl=1\" data-large-file=\"https:\/\/i0.wp.com\/www.humericbox.com\/wp-content\/uploads\/2018\/08\/in-memoriam-a-07.jpg?fit=448%2C650&amp;ssl=1\" \/>\n\t\t\t<\/dt>\n\t\t\t\t<dd class='wp-caption-text gallery-caption' id='gallery-1-5927'>\n\t\t\t\tGardien \u00e0 Bergen-Belsen, Franz Starfl, publi\u00e9 dans le Picture Post le 22 septembre 1945\n\t\t\t\t<\/dd><\/dl><br style=\"clear: both\" \/><dl class='gallery-item'>\n\t\t\t<dt class='gallery-icon portrait'>\n\t\t\t\t<img loading=\"lazy\" decoding=\"async\" width=\"150\" height=\"150\" src=\"https:\/\/i0.wp.com\/www.humericbox.com\/wp-content\/uploads\/2018\/08\/in-memoriam-a-08.jpg?resize=150%2C150&amp;ssl=1\" class=\"attachment-thumbnail size-thumbnail\" alt=\"\" aria-describedby=\"gallery-1-5928\" srcset=\"https:\/\/i0.wp.com\/www.humericbox.com\/wp-content\/uploads\/2018\/08\/in-memoriam-a-08.jpg?resize=150%2C150&amp;ssl=1 150w, https:\/\/i0.wp.com\/www.humericbox.com\/wp-content\/uploads\/2018\/08\/in-memoriam-a-08.jpg?zoom=2&amp;resize=150%2C150&amp;ssl=1 300w, https:\/\/i0.wp.com\/www.humericbox.com\/wp-content\/uploads\/2018\/08\/in-memoriam-a-08.jpg?zoom=3&amp;resize=150%2C150&amp;ssl=1 450w\" sizes=\"auto, (max-width: 150px) 100vw, 150px\" data-attachment-id=\"5928\" data-permalink=\"https:\/\/www.humericbox.com\/?attachment_id=5928\" data-orig-file=\"https:\/\/i0.wp.com\/www.humericbox.com\/wp-content\/uploads\/2018\/08\/in-memoriam-a-08.jpg?fit=457%2C650&amp;ssl=1\" data-orig-size=\"457,650\" data-comments-opened=\"1\" data-image-meta=\"{&quot;aperture&quot;:&quot;0&quot;,&quot;credit&quot;:&quot;&quot;,&quot;camera&quot;:&quot;&quot;,&quot;caption&quot;:&quot;&quot;,&quot;created_timestamp&quot;:&quot;0&quot;,&quot;copyright&quot;:&quot;&quot;,&quot;focal_length&quot;:&quot;0&quot;,&quot;iso&quot;:&quot;0&quot;,&quot;shutter_speed&quot;:&quot;0&quot;,&quot;title&quot;:&quot;&quot;,&quot;orientation&quot;:&quot;0&quot;}\" data-image-title=\"in memoriam-a-08\" data-image-description=\"\" data-image-caption=\"&lt;p&gt;Gardienne \u00e0 Bergen-Belsen, Irena Paschka, publi\u00e9 dans le Picture Post le 22 septembre 1945&lt;\/p&gt;\n\" data-medium-file=\"https:\/\/i0.wp.com\/www.humericbox.com\/wp-content\/uploads\/2018\/08\/in-memoriam-a-08.jpg?fit=211%2C300&amp;ssl=1\" data-large-file=\"https:\/\/i0.wp.com\/www.humericbox.com\/wp-content\/uploads\/2018\/08\/in-memoriam-a-08.jpg?fit=457%2C650&amp;ssl=1\" \/>\n\t\t\t<\/dt>\n\t\t\t\t<dd class='wp-caption-text gallery-caption' id='gallery-1-5928'>\n\t\t\t\tGardienne \u00e0 Bergen-Belsen, Irena Paschka, publi\u00e9 dans le Picture Post le 22 septembre 1945\n\t\t\t\t<\/dd><\/dl><dl class='gallery-item'>\n\t\t\t<dt class='gallery-icon portrait'>\n\t\t\t\t<img loading=\"lazy\" decoding=\"async\" width=\"150\" height=\"150\" src=\"https:\/\/i0.wp.com\/www.humericbox.com\/wp-content\/uploads\/2018\/08\/in-memoriam-a-09.jpg?resize=150%2C150&amp;ssl=1\" class=\"attachment-thumbnail size-thumbnail\" alt=\"\" aria-describedby=\"gallery-1-5929\" srcset=\"https:\/\/i0.wp.com\/www.humericbox.com\/wp-content\/uploads\/2018\/08\/in-memoriam-a-09.jpg?resize=150%2C150&amp;ssl=1 150w, https:\/\/i0.wp.com\/www.humericbox.com\/wp-content\/uploads\/2018\/08\/in-memoriam-a-09.jpg?zoom=2&amp;resize=150%2C150&amp;ssl=1 300w, https:\/\/i0.wp.com\/www.humericbox.com\/wp-content\/uploads\/2018\/08\/in-memoriam-a-09.jpg?zoom=3&amp;resize=150%2C150&amp;ssl=1 450w\" sizes=\"auto, (max-width: 150px) 100vw, 150px\" data-attachment-id=\"5929\" data-permalink=\"https:\/\/www.humericbox.com\/?attachment_id=5929\" data-orig-file=\"https:\/\/i0.wp.com\/www.humericbox.com\/wp-content\/uploads\/2018\/08\/in-memoriam-a-09.jpg?fit=456%2C650&amp;ssl=1\" data-orig-size=\"456,650\" data-comments-opened=\"1\" data-image-meta=\"{&quot;aperture&quot;:&quot;0&quot;,&quot;credit&quot;:&quot;&quot;,&quot;camera&quot;:&quot;&quot;,&quot;caption&quot;:&quot;&quot;,&quot;created_timestamp&quot;:&quot;0&quot;,&quot;copyright&quot;:&quot;&quot;,&quot;focal_length&quot;:&quot;0&quot;,&quot;iso&quot;:&quot;0&quot;,&quot;shutter_speed&quot;:&quot;0&quot;,&quot;title&quot;:&quot;&quot;,&quot;orientation&quot;:&quot;0&quot;}\" data-image-title=\"in memoriam-a-09\" data-image-description=\"\" data-image-caption=\"&lt;p&gt;Gardien \u00e0 Bergen-Belsen, Auzen Kinkartz, publi\u00e9 dans le Picture Post le 22 septembre 1945&lt;\/p&gt;\n\" data-medium-file=\"https:\/\/i0.wp.com\/www.humericbox.com\/wp-content\/uploads\/2018\/08\/in-memoriam-a-09.jpg?fit=210%2C300&amp;ssl=1\" data-large-file=\"https:\/\/i0.wp.com\/www.humericbox.com\/wp-content\/uploads\/2018\/08\/in-memoriam-a-09.jpg?fit=456%2C650&amp;ssl=1\" \/>\n\t\t\t<\/dt>\n\t\t\t\t<dd class='wp-caption-text gallery-caption' id='gallery-1-5929'>\n\t\t\t\tGardien \u00e0 Bergen-Belsen, Auzen Kinkartz, publi\u00e9 dans le Picture Post le 22 septembre 1945\n\t\t\t\t<\/dd><\/dl><dl class='gallery-item'>\n\t\t\t<dt class='gallery-icon portrait'>\n\t\t\t\t<img loading=\"lazy\" decoding=\"async\" width=\"150\" height=\"150\" src=\"https:\/\/i0.wp.com\/www.humericbox.com\/wp-content\/uploads\/2018\/08\/in-memoriam-a-10.jpg?resize=150%2C150&amp;ssl=1\" class=\"attachment-thumbnail size-thumbnail\" alt=\"\" aria-describedby=\"gallery-1-5930\" srcset=\"https:\/\/i0.wp.com\/www.humericbox.com\/wp-content\/uploads\/2018\/08\/in-memoriam-a-10.jpg?resize=150%2C150&amp;ssl=1 150w, https:\/\/i0.wp.com\/www.humericbox.com\/wp-content\/uploads\/2018\/08\/in-memoriam-a-10.jpg?zoom=2&amp;resize=150%2C150&amp;ssl=1 300w, https:\/\/i0.wp.com\/www.humericbox.com\/wp-content\/uploads\/2018\/08\/in-memoriam-a-10.jpg?zoom=3&amp;resize=150%2C150&amp;ssl=1 450w\" sizes=\"auto, (max-width: 150px) 100vw, 150px\" data-attachment-id=\"5930\" data-permalink=\"https:\/\/www.humericbox.com\/?attachment_id=5930\" data-orig-file=\"https:\/\/i0.wp.com\/www.humericbox.com\/wp-content\/uploads\/2018\/08\/in-memoriam-a-10.jpg?fit=457%2C650&amp;ssl=1\" data-orig-size=\"457,650\" data-comments-opened=\"1\" data-image-meta=\"{&quot;aperture&quot;:&quot;0&quot;,&quot;credit&quot;:&quot;&quot;,&quot;camera&quot;:&quot;&quot;,&quot;caption&quot;:&quot;&quot;,&quot;created_timestamp&quot;:&quot;0&quot;,&quot;copyright&quot;:&quot;&quot;,&quot;focal_length&quot;:&quot;0&quot;,&quot;iso&quot;:&quot;0&quot;,&quot;shutter_speed&quot;:&quot;0&quot;,&quot;title&quot;:&quot;&quot;,&quot;orientation&quot;:&quot;0&quot;}\" data-image-title=\"in memoriam-a-10\" data-image-description=\"\" data-image-caption=\"&lt;p&gt;Gardienne \u00e0 Bergen-Belsen, Wally Kierschke, publi\u00e9 dans le Picture Post le 22 septembre 1945&lt;\/p&gt;\n\" data-medium-file=\"https:\/\/i0.wp.com\/www.humericbox.com\/wp-content\/uploads\/2018\/08\/in-memoriam-a-10.jpg?fit=211%2C300&amp;ssl=1\" data-large-file=\"https:\/\/i0.wp.com\/www.humericbox.com\/wp-content\/uploads\/2018\/08\/in-memoriam-a-10.jpg?fit=457%2C650&amp;ssl=1\" \/>\n\t\t\t<\/dt>\n\t\t\t\t<dd class='wp-caption-text gallery-caption' id='gallery-1-5930'>\n\t\t\t\tGardienne \u00e0 Bergen-Belsen, Wally Kierschke, publi\u00e9 dans le Picture Post le 22 septembre 1945\n\t\t\t\t<\/dd><\/dl><br style=\"clear: both\" \/><dl class='gallery-item'>\n\t\t\t<dt class='gallery-icon portrait'>\n\t\t\t\t<img loading=\"lazy\" decoding=\"async\" width=\"150\" height=\"150\" src=\"https:\/\/i0.wp.com\/www.humericbox.com\/wp-content\/uploads\/2018\/08\/in-memoriam-a-11.jpg?resize=150%2C150&amp;ssl=1\" class=\"attachment-thumbnail size-thumbnail\" alt=\"\" aria-describedby=\"gallery-1-5931\" srcset=\"https:\/\/i0.wp.com\/www.humericbox.com\/wp-content\/uploads\/2018\/08\/in-memoriam-a-11.jpg?resize=150%2C150&amp;ssl=1 150w, https:\/\/i0.wp.com\/www.humericbox.com\/wp-content\/uploads\/2018\/08\/in-memoriam-a-11.jpg?zoom=2&amp;resize=150%2C150&amp;ssl=1 300w, https:\/\/i0.wp.com\/www.humericbox.com\/wp-content\/uploads\/2018\/08\/in-memoriam-a-11.jpg?zoom=3&amp;resize=150%2C150&amp;ssl=1 450w\" sizes=\"auto, (max-width: 150px) 100vw, 150px\" data-attachment-id=\"5931\" data-permalink=\"https:\/\/www.humericbox.com\/?attachment_id=5931\" data-orig-file=\"https:\/\/i0.wp.com\/www.humericbox.com\/wp-content\/uploads\/2018\/08\/in-memoriam-a-11.jpg?fit=457%2C650&amp;ssl=1\" data-orig-size=\"457,650\" data-comments-opened=\"1\" data-image-meta=\"{&quot;aperture&quot;:&quot;0&quot;,&quot;credit&quot;:&quot;&quot;,&quot;camera&quot;:&quot;&quot;,&quot;caption&quot;:&quot;&quot;,&quot;created_timestamp&quot;:&quot;0&quot;,&quot;copyright&quot;:&quot;&quot;,&quot;focal_length&quot;:&quot;0&quot;,&quot;iso&quot;:&quot;0&quot;,&quot;shutter_speed&quot;:&quot;0&quot;,&quot;title&quot;:&quot;&quot;,&quot;orientation&quot;:&quot;0&quot;}\" data-image-title=\"in memoriam-a-11\" data-image-description=\"\" data-image-caption=\"&lt;p&gt;Gardien \u00e0 Bergen-Belsen, Ostrowski,  publi\u00e9 dans le Picture Post le 22 septembre 1945&lt;\/p&gt;\n\" data-medium-file=\"https:\/\/i0.wp.com\/www.humericbox.com\/wp-content\/uploads\/2018\/08\/in-memoriam-a-11.jpg?fit=211%2C300&amp;ssl=1\" data-large-file=\"https:\/\/i0.wp.com\/www.humericbox.com\/wp-content\/uploads\/2018\/08\/in-memoriam-a-11.jpg?fit=457%2C650&amp;ssl=1\" \/>\n\t\t\t<\/dt>\n\t\t\t\t<dd class='wp-caption-text gallery-caption' id='gallery-1-5931'>\n\t\t\t\tGardien \u00e0 Bergen-Belsen, Ostrowski,  publi\u00e9 dans le Picture Post le 22 septembre 1945\n\t\t\t\t<\/dd><\/dl><dl class='gallery-item'>\n\t\t\t<dt class='gallery-icon portrait'>\n\t\t\t\t<img loading=\"lazy\" decoding=\"async\" width=\"150\" height=\"150\" src=\"https:\/\/i0.wp.com\/www.humericbox.com\/wp-content\/uploads\/2018\/08\/in-memoriam-a-12.jpg?resize=150%2C150&amp;ssl=1\" class=\"attachment-thumbnail size-thumbnail\" alt=\"\" aria-describedby=\"gallery-1-5932\" srcset=\"https:\/\/i0.wp.com\/www.humericbox.com\/wp-content\/uploads\/2018\/08\/in-memoriam-a-12.jpg?resize=150%2C150&amp;ssl=1 150w, https:\/\/i0.wp.com\/www.humericbox.com\/wp-content\/uploads\/2018\/08\/in-memoriam-a-12.jpg?zoom=2&amp;resize=150%2C150&amp;ssl=1 300w, https:\/\/i0.wp.com\/www.humericbox.com\/wp-content\/uploads\/2018\/08\/in-memoriam-a-12.jpg?zoom=3&amp;resize=150%2C150&amp;ssl=1 450w\" sizes=\"auto, (max-width: 150px) 100vw, 150px\" data-attachment-id=\"5932\" data-permalink=\"https:\/\/www.humericbox.com\/?attachment_id=5932\" data-orig-file=\"https:\/\/i0.wp.com\/www.humericbox.com\/wp-content\/uploads\/2018\/08\/in-memoriam-a-12.jpg?fit=457%2C650&amp;ssl=1\" data-orig-size=\"457,650\" data-comments-opened=\"1\" data-image-meta=\"{&quot;aperture&quot;:&quot;0&quot;,&quot;credit&quot;:&quot;&quot;,&quot;camera&quot;:&quot;&quot;,&quot;caption&quot;:&quot;&quot;,&quot;created_timestamp&quot;:&quot;0&quot;,&quot;copyright&quot;:&quot;&quot;,&quot;focal_length&quot;:&quot;0&quot;,&quot;iso&quot;:&quot;0&quot;,&quot;shutter_speed&quot;:&quot;0&quot;,&quot;title&quot;:&quot;&quot;,&quot;orientation&quot;:&quot;0&quot;}\" data-image-title=\"in memoriam-a-12\" data-image-description=\"\" data-image-caption=\"&lt;p&gt;Victime non identifi\u00e9e, Dachau. Publication du 3 d\u00e9cembre 1936 dans Illustrierter Beobachter&lt;\/p&gt;\n\" data-medium-file=\"https:\/\/i0.wp.com\/www.humericbox.com\/wp-content\/uploads\/2018\/08\/in-memoriam-a-12.jpg?fit=211%2C300&amp;ssl=1\" data-large-file=\"https:\/\/i0.wp.com\/www.humericbox.com\/wp-content\/uploads\/2018\/08\/in-memoriam-a-12.jpg?fit=457%2C650&amp;ssl=1\" \/>\n\t\t\t<\/dt>\n\t\t\t\t<dd class='wp-caption-text gallery-caption' id='gallery-1-5932'>\n\t\t\t\tVictime non identifi\u00e9e, Dachau. Publication du 3 d\u00e9cembre 1936 dans Illustrierter Beobachter\n\t\t\t\t<\/dd><\/dl><dl class='gallery-item'>\n\t\t\t<dt class='gallery-icon portrait'>\n\t\t\t\t<img loading=\"lazy\" decoding=\"async\" width=\"150\" height=\"150\" src=\"https:\/\/i0.wp.com\/www.humericbox.com\/wp-content\/uploads\/2018\/08\/in-memoriam-a-13.jpg?resize=150%2C150&amp;ssl=1\" class=\"attachment-thumbnail size-thumbnail\" alt=\"\" aria-describedby=\"gallery-1-5933\" srcset=\"https:\/\/i0.wp.com\/www.humericbox.com\/wp-content\/uploads\/2018\/08\/in-memoriam-a-13.jpg?resize=150%2C150&amp;ssl=1 150w, https:\/\/i0.wp.com\/www.humericbox.com\/wp-content\/uploads\/2018\/08\/in-memoriam-a-13.jpg?zoom=2&amp;resize=150%2C150&amp;ssl=1 300w, https:\/\/i0.wp.com\/www.humericbox.com\/wp-content\/uploads\/2018\/08\/in-memoriam-a-13.jpg?zoom=3&amp;resize=150%2C150&amp;ssl=1 450w\" sizes=\"auto, (max-width: 150px) 100vw, 150px\" data-attachment-id=\"5933\" data-permalink=\"https:\/\/www.humericbox.com\/?attachment_id=5933\" data-orig-file=\"https:\/\/i0.wp.com\/www.humericbox.com\/wp-content\/uploads\/2018\/08\/in-memoriam-a-13.jpg?fit=456%2C650&amp;ssl=1\" data-orig-size=\"456,650\" data-comments-opened=\"1\" data-image-meta=\"{&quot;aperture&quot;:&quot;0&quot;,&quot;credit&quot;:&quot;&quot;,&quot;camera&quot;:&quot;&quot;,&quot;caption&quot;:&quot;&quot;,&quot;created_timestamp&quot;:&quot;0&quot;,&quot;copyright&quot;:&quot;&quot;,&quot;focal_length&quot;:&quot;0&quot;,&quot;iso&quot;:&quot;0&quot;,&quot;shutter_speed&quot;:&quot;0&quot;,&quot;title&quot;:&quot;&quot;,&quot;orientation&quot;:&quot;0&quot;}\" data-image-title=\"in memoriam-a-13\" data-image-description=\"\" data-image-caption=\"&lt;p&gt;Victime non identifi\u00e9e, Buchenwald 24 juin 1944&lt;\/p&gt;\n\" data-medium-file=\"https:\/\/i0.wp.com\/www.humericbox.com\/wp-content\/uploads\/2018\/08\/in-memoriam-a-13.jpg?fit=210%2C300&amp;ssl=1\" data-large-file=\"https:\/\/i0.wp.com\/www.humericbox.com\/wp-content\/uploads\/2018\/08\/in-memoriam-a-13.jpg?fit=456%2C650&amp;ssl=1\" \/>\n\t\t\t<\/dt>\n\t\t\t\t<dd class='wp-caption-text gallery-caption' id='gallery-1-5933'>\n\t\t\t\tVictime non identifi\u00e9e, Buchenwald 24 juin 1944\n\t\t\t\t<\/dd><\/dl><br style=\"clear: both\" \/><dl class='gallery-item'>\n\t\t\t<dt class='gallery-icon portrait'>\n\t\t\t\t<img loading=\"lazy\" decoding=\"async\" width=\"150\" height=\"150\" src=\"https:\/\/i0.wp.com\/www.humericbox.com\/wp-content\/uploads\/2018\/08\/in-memoriam-a-14.jpg?resize=150%2C150&amp;ssl=1\" class=\"attachment-thumbnail size-thumbnail\" alt=\"\" aria-describedby=\"gallery-1-5934\" srcset=\"https:\/\/i0.wp.com\/www.humericbox.com\/wp-content\/uploads\/2018\/08\/in-memoriam-a-14.jpg?resize=150%2C150&amp;ssl=1 150w, https:\/\/i0.wp.com\/www.humericbox.com\/wp-content\/uploads\/2018\/08\/in-memoriam-a-14.jpg?zoom=2&amp;resize=150%2C150&amp;ssl=1 300w, https:\/\/i0.wp.com\/www.humericbox.com\/wp-content\/uploads\/2018\/08\/in-memoriam-a-14.jpg?zoom=3&amp;resize=150%2C150&amp;ssl=1 450w\" sizes=\"auto, (max-width: 150px) 100vw, 150px\" data-attachment-id=\"5934\" data-permalink=\"https:\/\/www.humericbox.com\/?attachment_id=5934\" data-orig-file=\"https:\/\/i0.wp.com\/www.humericbox.com\/wp-content\/uploads\/2018\/08\/in-memoriam-a-14.jpg?fit=457%2C650&amp;ssl=1\" data-orig-size=\"457,650\" data-comments-opened=\"1\" data-image-meta=\"{&quot;aperture&quot;:&quot;0&quot;,&quot;credit&quot;:&quot;&quot;,&quot;camera&quot;:&quot;&quot;,&quot;caption&quot;:&quot;&quot;,&quot;created_timestamp&quot;:&quot;0&quot;,&quot;copyright&quot;:&quot;&quot;,&quot;focal_length&quot;:&quot;0&quot;,&quot;iso&quot;:&quot;0&quot;,&quot;shutter_speed&quot;:&quot;0&quot;,&quot;title&quot;:&quot;&quot;,&quot;orientation&quot;:&quot;0&quot;}\" data-image-title=\"in memoriam-a-14\" data-image-description=\"\" data-image-caption=\"&lt;p&gt;Victime non identifi\u00e9e, Buchenwald 24 juin 1944&lt;\/p&gt;\n\" data-medium-file=\"https:\/\/i0.wp.com\/www.humericbox.com\/wp-content\/uploads\/2018\/08\/in-memoriam-a-14.jpg?fit=211%2C300&amp;ssl=1\" data-large-file=\"https:\/\/i0.wp.com\/www.humericbox.com\/wp-content\/uploads\/2018\/08\/in-memoriam-a-14.jpg?fit=457%2C650&amp;ssl=1\" \/>\n\t\t\t<\/dt>\n\t\t\t\t<dd class='wp-caption-text gallery-caption' id='gallery-1-5934'>\n\t\t\t\tVictime non identifi\u00e9e, Buchenwald 24 juin 1944\n\t\t\t\t<\/dd><\/dl><dl class='gallery-item'>\n\t\t\t<dt class='gallery-icon portrait'>\n\t\t\t\t<img loading=\"lazy\" decoding=\"async\" width=\"150\" height=\"150\" src=\"https:\/\/i0.wp.com\/www.humericbox.com\/wp-content\/uploads\/2018\/08\/in-memoriam-a-15.jpg?resize=150%2C150&amp;ssl=1\" class=\"attachment-thumbnail size-thumbnail\" alt=\"\" aria-describedby=\"gallery-1-5935\" srcset=\"https:\/\/i0.wp.com\/www.humericbox.com\/wp-content\/uploads\/2018\/08\/in-memoriam-a-15.jpg?resize=150%2C150&amp;ssl=1 150w, https:\/\/i0.wp.com\/www.humericbox.com\/wp-content\/uploads\/2018\/08\/in-memoriam-a-15.jpg?zoom=2&amp;resize=150%2C150&amp;ssl=1 300w, https:\/\/i0.wp.com\/www.humericbox.com\/wp-content\/uploads\/2018\/08\/in-memoriam-a-15.jpg?zoom=3&amp;resize=150%2C150&amp;ssl=1 450w\" sizes=\"auto, (max-width: 150px) 100vw, 150px\" data-attachment-id=\"5935\" data-permalink=\"https:\/\/www.humericbox.com\/?attachment_id=5935\" data-orig-file=\"https:\/\/i0.wp.com\/www.humericbox.com\/wp-content\/uploads\/2018\/08\/in-memoriam-a-15.jpg?fit=457%2C650&amp;ssl=1\" data-orig-size=\"457,650\" data-comments-opened=\"1\" data-image-meta=\"{&quot;aperture&quot;:&quot;0&quot;,&quot;credit&quot;:&quot;&quot;,&quot;camera&quot;:&quot;&quot;,&quot;caption&quot;:&quot;&quot;,&quot;created_timestamp&quot;:&quot;0&quot;,&quot;copyright&quot;:&quot;&quot;,&quot;focal_length&quot;:&quot;0&quot;,&quot;iso&quot;:&quot;0&quot;,&quot;shutter_speed&quot;:&quot;0&quot;,&quot;title&quot;:&quot;&quot;,&quot;orientation&quot;:&quot;0&quot;}\" data-image-title=\"in memoriam-a-15\" data-image-description=\"\" data-image-caption=\"&lt;p&gt;Victime, Albert Heis, Dachau 1942&lt;\/p&gt;\n\" data-medium-file=\"https:\/\/i0.wp.com\/www.humericbox.com\/wp-content\/uploads\/2018\/08\/in-memoriam-a-15.jpg?fit=211%2C300&amp;ssl=1\" data-large-file=\"https:\/\/i0.wp.com\/www.humericbox.com\/wp-content\/uploads\/2018\/08\/in-memoriam-a-15.jpg?fit=457%2C650&amp;ssl=1\" \/>\n\t\t\t<\/dt>\n\t\t\t\t<dd class='wp-caption-text gallery-caption' id='gallery-1-5935'>\n\t\t\t\tVictime, Albert Heis, Dachau 1942\n\t\t\t\t<\/dd><\/dl><dl class='gallery-item'>\n\t\t\t<dt class='gallery-icon portrait'>\n\t\t\t\t<img loading=\"lazy\" decoding=\"async\" width=\"150\" height=\"150\" src=\"https:\/\/i0.wp.com\/www.humericbox.com\/wp-content\/uploads\/2018\/08\/in-memoriam-a-16.jpg?resize=150%2C150&amp;ssl=1\" class=\"attachment-thumbnail size-thumbnail\" alt=\"\" aria-describedby=\"gallery-1-5936\" srcset=\"https:\/\/i0.wp.com\/www.humericbox.com\/wp-content\/uploads\/2018\/08\/in-memoriam-a-16.jpg?resize=150%2C150&amp;ssl=1 150w, https:\/\/i0.wp.com\/www.humericbox.com\/wp-content\/uploads\/2018\/08\/in-memoriam-a-16.jpg?zoom=2&amp;resize=150%2C150&amp;ssl=1 300w, https:\/\/i0.wp.com\/www.humericbox.com\/wp-content\/uploads\/2018\/08\/in-memoriam-a-16.jpg?zoom=3&amp;resize=150%2C150&amp;ssl=1 450w\" sizes=\"auto, (max-width: 150px) 100vw, 150px\" data-attachment-id=\"5936\" data-permalink=\"https:\/\/www.humericbox.com\/?attachment_id=5936\" data-orig-file=\"https:\/\/i0.wp.com\/www.humericbox.com\/wp-content\/uploads\/2018\/08\/in-memoriam-a-16.jpg?fit=461%2C650&amp;ssl=1\" data-orig-size=\"461,650\" data-comments-opened=\"1\" data-image-meta=\"{&quot;aperture&quot;:&quot;0&quot;,&quot;credit&quot;:&quot;&quot;,&quot;camera&quot;:&quot;&quot;,&quot;caption&quot;:&quot;&quot;,&quot;created_timestamp&quot;:&quot;0&quot;,&quot;copyright&quot;:&quot;&quot;,&quot;focal_length&quot;:&quot;0&quot;,&quot;iso&quot;:&quot;0&quot;,&quot;shutter_speed&quot;:&quot;0&quot;,&quot;title&quot;:&quot;&quot;,&quot;orientation&quot;:&quot;0&quot;}\" data-image-title=\"in memoriam-a-16\" data-image-description=\"\" data-image-caption=\"&lt;p&gt;Victime non identifi\u00e9e, Dachau. Publication du 3 d\u00e9cembre 1936 dans Illustrierter Beobachter&lt;\/p&gt;\n\" data-medium-file=\"https:\/\/i0.wp.com\/www.humericbox.com\/wp-content\/uploads\/2018\/08\/in-memoriam-a-16.jpg?fit=213%2C300&amp;ssl=1\" data-large-file=\"https:\/\/i0.wp.com\/www.humericbox.com\/wp-content\/uploads\/2018\/08\/in-memoriam-a-16.jpg?fit=461%2C650&amp;ssl=1\" \/>\n\t\t\t<\/dt>\n\t\t\t\t<dd class='wp-caption-text gallery-caption' id='gallery-1-5936'>\n\t\t\t\tVictime non identifi\u00e9e, Dachau. Publication du 3 d\u00e9cembre 1936 dans Illustrierter Beobachter\n\t\t\t\t<\/dd><\/dl><br style=\"clear: both\" \/><dl class='gallery-item'>\n\t\t\t<dt class='gallery-icon landscape'>\n\t\t\t\t<img loading=\"lazy\" decoding=\"async\" width=\"150\" height=\"150\" src=\"https:\/\/i0.wp.com\/www.humericbox.com\/wp-content\/uploads\/2018\/08\/in-memoriam-a-17.jpg?resize=150%2C150&amp;ssl=1\" class=\"attachment-thumbnail size-thumbnail\" alt=\"\" srcset=\"https:\/\/i0.wp.com\/www.humericbox.com\/wp-content\/uploads\/2018\/08\/in-memoriam-a-17.jpg?resize=150%2C150&amp;ssl=1 150w, https:\/\/i0.wp.com\/www.humericbox.com\/wp-content\/uploads\/2018\/08\/in-memoriam-a-17.jpg?zoom=2&amp;resize=150%2C150&amp;ssl=1 300w, https:\/\/i0.wp.com\/www.humericbox.com\/wp-content\/uploads\/2018\/08\/in-memoriam-a-17.jpg?zoom=3&amp;resize=150%2C150&amp;ssl=1 450w\" sizes=\"auto, (max-width: 150px) 100vw, 150px\" data-attachment-id=\"5937\" data-permalink=\"https:\/\/www.humericbox.com\/?attachment_id=5937\" data-orig-file=\"https:\/\/i0.wp.com\/www.humericbox.com\/wp-content\/uploads\/2018\/08\/in-memoriam-a-17.jpg?fit=650%2C464&amp;ssl=1\" data-orig-size=\"650,464\" data-comments-opened=\"1\" data-image-meta=\"{&quot;aperture&quot;:&quot;0&quot;,&quot;credit&quot;:&quot;&quot;,&quot;camera&quot;:&quot;&quot;,&quot;caption&quot;:&quot;&quot;,&quot;created_timestamp&quot;:&quot;0&quot;,&quot;copyright&quot;:&quot;&quot;,&quot;focal_length&quot;:&quot;0&quot;,&quot;iso&quot;:&quot;0&quot;,&quot;shutter_speed&quot;:&quot;0&quot;,&quot;title&quot;:&quot;&quot;,&quot;orientation&quot;:&quot;0&quot;}\" data-image-title=\"in memoriam-a-17\" data-image-description=\"\" data-image-caption=\"\" data-medium-file=\"https:\/\/i0.wp.com\/www.humericbox.com\/wp-content\/uploads\/2018\/08\/in-memoriam-a-17.jpg?fit=300%2C214&amp;ssl=1\" data-large-file=\"https:\/\/i0.wp.com\/www.humericbox.com\/wp-content\/uploads\/2018\/08\/in-memoriam-a-17.jpg?fit=584%2C417&amp;ssl=1\" \/>\n\t\t\t<\/dt><\/dl>\n\t\t\t<br style='clear: both' \/>\n\t\t<\/div>\n\n","protected":false},"excerpt":{"rendered":"<p>Aborder la Shoah (extermination des juifs) que ce soit par l\u2019\u00e9criture, l\u2019image ou tout autre mode d\u2019expression est un sujet aussi difficile que d\u00e9licat \u00e0 mettre en \u0153uvre. La monstruosit\u00e9, l\u2019horreur sont telles que tout entreprise, para\u00eet bien d\u00e9risoire, voire &hellip; <a href=\"https:\/\/www.humericbox.com\/?p=5909\">Continuer la lecture <span class=\"meta-nav\">&rarr;<\/span><\/a><\/p>\n","protected":false},"author":1,"featured_media":0,"comment_status":"open","ping_status":"open","sticky":false,"template":"","format":"standard","meta":{"_s2mail":"yes","jetpack_post_was_ever_published":false,"_jetpack_newsletter_access":"","_jetpack_dont_email_post_to_subs":false,"_jetpack_newsletter_tier_id":0,"_jetpack_memberships_contains_paywalled_content":false,"_jetpack_memberships_contains_paid_content":false,"footnotes":"","jetpack_publicize_message":"","jetpack_publicize_feature_enabled":true,"jetpack_social_post_already_shared":true,"jetpack_social_options":{"image_generator_settings":{"template":"highway","default_image_id":0,"font":"","enabled":false},"version":2}},"categories":[30],"tags":[77,114,108,127],"class_list":["post-5909","post","type-post","status-publish","format-standard","hentry","category-peintures-dessins","tag-noir-et-blanc","tag-photos","tag-portrait","tag-shoah"],"jetpack_publicize_connections":[],"jetpack_featured_media_url":"","jetpack_shortlink":"https:\/\/wp.me\/p23bL2-1xj","jetpack_sharing_enabled":true,"jetpack_likes_enabled":true,"_links":{"self":[{"href":"https:\/\/www.humericbox.com\/index.php?rest_route=\/wp\/v2\/posts\/5909","targetHints":{"allow":["GET"]}}],"collection":[{"href":"https:\/\/www.humericbox.com\/index.php?rest_route=\/wp\/v2\/posts"}],"about":[{"href":"https:\/\/www.humericbox.com\/index.php?rest_route=\/wp\/v2\/types\/post"}],"author":[{"embeddable":true,"href":"https:\/\/www.humericbox.com\/index.php?rest_route=\/wp\/v2\/users\/1"}],"replies":[{"embeddable":true,"href":"https:\/\/www.humericbox.com\/index.php?rest_route=%2Fwp%2Fv2%2Fcomments&post=5909"}],"version-history":[{"count":1,"href":"https:\/\/www.humericbox.com\/index.php?rest_route=\/wp\/v2\/posts\/5909\/revisions"}],"predecessor-version":[{"id":6991,"href":"https:\/\/www.humericbox.com\/index.php?rest_route=\/wp\/v2\/posts\/5909\/revisions\/6991"}],"wp:attachment":[{"href":"https:\/\/www.humericbox.com\/index.php?rest_route=%2Fwp%2Fv2%2Fmedia&parent=5909"}],"wp:term":[{"taxonomy":"category","embeddable":true,"href":"https:\/\/www.humericbox.com\/index.php?rest_route=%2Fwp%2Fv2%2Fcategories&post=5909"},{"taxonomy":"post_tag","embeddable":true,"href":"https:\/\/www.humericbox.com\/index.php?rest_route=%2Fwp%2Fv2%2Ftags&post=5909"}],"curies":[{"name":"wp","href":"https:\/\/api.w.org\/{rel}","templated":true}]}}