{"id":2596,"date":"2013-11-28T17:55:34","date_gmt":"2013-11-28T17:55:34","guid":{"rendered":"http:\/\/www.humericbox.com\/?p=2596"},"modified":"2016-07-16T16:49:57","modified_gmt":"2016-07-16T16:49:57","slug":"2596","status":"publish","type":"post","link":"https:\/\/www.humericbox.com\/?p=2596","title":{"rendered":"La pauvret\u00e9 si proche"},"content":{"rendered":"<p><strong>Ce matin \u00e0 la radio, j&#8217;ai entendu un journaliste qui annon\u00e7ait qu&#8217;on avait d\u00e9couvert \u00e0 Strasbourg une famille de &#8220;roms&#8221; qui vivait depuis 2 ans dans leur voiture<\/strong>. Comble de stupeur !!! Effrayant ce que l&#8217;on vit dans notre si belle France. J&#8217;ai cru un moment que le journaliste allait approfondir la d\u00e9p\u00eache, embrayer sur la mis\u00e8re qui se fait de plus en plus pressante en notre pays.<\/p>\n<p>J&#8217;ai cru un moment &#8211; oh, un moment seulement &#8211; qu&#8217;en donnant la parole \u00e0 la mis\u00e8re, un peu d&#8217;honneur allait \u00eatre rendu aux milliers d&#8217;anonymes qui la vivent. Et bien non, vite fait bien fait, la d\u00e9p\u00eache suivante a aval\u00e9 tout de go la pr\u00e9c\u00e9dente. Circulez, il n&#8217;y a plus rien \u00e0 entendre. De temps en temps, les m\u00e9dias se focalisent sur un fait mis\u00e9rable qui sort de l&#8217;ordinaire. Car il faut du croustillant, du scoop pour attirer l&#8217;attention. C&#8217;est vrai, la pauvret\u00e9 quotidienne, banale, c&#8217;est ennuyeux, c&#8217;est compliqu\u00e9. Il vaut mieux ne pas trop en parler, \u00e7a donnerait le vertige \u00e0 tout le monde. En parlant d&#8217;une famille de &#8220;roms&#8221; dans une voiture, l&#8217;exceptionnel \u00e9loigne le spectre de la mis\u00e8re quotidienne dans nos bonnes familles gauloises. Car celle qui progresse comme un cancer dans nos rues, dans nos villages et nos villes, la mis\u00e8re qu&#8217;on d\u00e9couvrait autrefois bien loin de nous, habite d\u00e9sormais souvent la maison d&#8217;\u00e0 c\u00f4t\u00e9.<a href=\"https:\/\/i0.wp.com\/www.humericbox.com\/wp-content\/uploads\/2013\/11\/pauvrete_02_281113.jpg?ssl=1\"><img data-recalc-dims=\"1\" loading=\"lazy\" decoding=\"async\" data-attachment-id=\"2602\" data-permalink=\"https:\/\/www.humericbox.com\/?attachment_id=2602\" data-orig-file=\"https:\/\/i0.wp.com\/www.humericbox.com\/wp-content\/uploads\/2013\/11\/pauvrete_02_281113.jpg?fit=535%2C535&amp;ssl=1\" data-orig-size=\"535,535\" data-comments-opened=\"1\" data-image-meta=\"{&quot;aperture&quot;:&quot;0&quot;,&quot;credit&quot;:&quot;&quot;,&quot;camera&quot;:&quot;&quot;,&quot;caption&quot;:&quot;&quot;,&quot;created_timestamp&quot;:&quot;0&quot;,&quot;copyright&quot;:&quot;&quot;,&quot;focal_length&quot;:&quot;0&quot;,&quot;iso&quot;:&quot;0&quot;,&quot;shutter_speed&quot;:&quot;0&quot;,&quot;title&quot;:&quot;&quot;}\" data-image-title=\"pauvrete_02_281113\" data-image-description=\"\" data-image-caption=\"\" data-medium-file=\"https:\/\/i0.wp.com\/www.humericbox.com\/wp-content\/uploads\/2013\/11\/pauvrete_02_281113.jpg?fit=300%2C300&amp;ssl=1\" data-large-file=\"https:\/\/i0.wp.com\/www.humericbox.com\/wp-content\/uploads\/2013\/11\/pauvrete_02_281113.jpg?fit=535%2C535&amp;ssl=1\" class=\"alignleft size-full wp-image-2602\" src=\"https:\/\/i0.wp.com\/www.humericbox.com\/wp-content\/uploads\/2013\/11\/pauvrete_02_281113.jpg?resize=535%2C535&#038;ssl=1\" alt=\"pauvrete_02_281113\" width=\"535\" height=\"535\" srcset=\"https:\/\/i0.wp.com\/www.humericbox.com\/wp-content\/uploads\/2013\/11\/pauvrete_02_281113.jpg?w=535&amp;ssl=1 535w, https:\/\/i0.wp.com\/www.humericbox.com\/wp-content\/uploads\/2013\/11\/pauvrete_02_281113.jpg?resize=150%2C150&amp;ssl=1 150w, https:\/\/i0.wp.com\/www.humericbox.com\/wp-content\/uploads\/2013\/11\/pauvrete_02_281113.jpg?resize=300%2C300&amp;ssl=1 300w\" sizes=\"auto, (max-width: 535px) 100vw, 535px\" \/><\/a><\/p>\n<p>Les pauvres, l&#8217;Observatoire des In\u00e9galit\u00e9s leur a consacr\u00e9 une \u00e9tude dont les chiffres, sans concession, parlent d&#8217;eux-m\u00eames. En France, un individu peut-\u00eatre consid\u00e9r\u00e9 comme pauvre quand ses revenus mensuels sont inf\u00e9rieurs \u00e0 814 euros ou 977 euros selon la d\u00e9finition adopt\u00e9e <strong>(1)<\/strong>. En 2011 on comptait 14,4% de pauvres si l&#8217;on fixe le seuil de pauvret\u00e9 \u00e0 60% du niveau de vie m\u00e9dian. Dans cette hypoth\u00e8se la pauvret\u00e9 touche pr\u00e8s de 9 millions de Fran\u00e7ais. Ces chiffres ne tiennent pas compte des ann\u00e9es 2012, 2013 o\u00f9 les in\u00e9galit\u00e9s n&#8217;ont pu que cro\u00eetre compte tenu de la forte accentuation du ch\u00f4mage. Le chiffre des ch\u00f4meurs de longue dur\u00e9e, venu grossir le rang des pauvres a d\u00e9pass\u00e9 2,1 millions de personnes en septembre 2013. Soit, une progression de 14% en 1 an.<a href=\"https:\/\/i0.wp.com\/www.humericbox.com\/wp-content\/uploads\/2013\/11\/pauvrete_03_281113.jpg?ssl=1\"><img data-recalc-dims=\"1\" loading=\"lazy\" decoding=\"async\" data-attachment-id=\"2603\" data-permalink=\"https:\/\/www.humericbox.com\/?attachment_id=2603\" data-orig-file=\"https:\/\/i0.wp.com\/www.humericbox.com\/wp-content\/uploads\/2013\/11\/pauvrete_03_281113.jpg?fit=535%2C535&amp;ssl=1\" data-orig-size=\"535,535\" data-comments-opened=\"1\" data-image-meta=\"{&quot;aperture&quot;:&quot;0&quot;,&quot;credit&quot;:&quot;&quot;,&quot;camera&quot;:&quot;&quot;,&quot;caption&quot;:&quot;&quot;,&quot;created_timestamp&quot;:&quot;0&quot;,&quot;copyright&quot;:&quot;&quot;,&quot;focal_length&quot;:&quot;0&quot;,&quot;iso&quot;:&quot;0&quot;,&quot;shutter_speed&quot;:&quot;0&quot;,&quot;title&quot;:&quot;&quot;}\" data-image-title=\"pauvrete_03_281113\" data-image-description=\"\" data-image-caption=\"\" data-medium-file=\"https:\/\/i0.wp.com\/www.humericbox.com\/wp-content\/uploads\/2013\/11\/pauvrete_03_281113.jpg?fit=300%2C300&amp;ssl=1\" data-large-file=\"https:\/\/i0.wp.com\/www.humericbox.com\/wp-content\/uploads\/2013\/11\/pauvrete_03_281113.jpg?fit=535%2C535&amp;ssl=1\" class=\"alignleft size-full wp-image-2603\" src=\"https:\/\/i0.wp.com\/www.humericbox.com\/wp-content\/uploads\/2013\/11\/pauvrete_03_281113.jpg?resize=535%2C535&#038;ssl=1\" alt=\"pauvrete_03_281113\" width=\"535\" height=\"535\" srcset=\"https:\/\/i0.wp.com\/www.humericbox.com\/wp-content\/uploads\/2013\/11\/pauvrete_03_281113.jpg?w=535&amp;ssl=1 535w, https:\/\/i0.wp.com\/www.humericbox.com\/wp-content\/uploads\/2013\/11\/pauvrete_03_281113.jpg?resize=150%2C150&amp;ssl=1 150w, https:\/\/i0.wp.com\/www.humericbox.com\/wp-content\/uploads\/2013\/11\/pauvrete_03_281113.jpg?resize=300%2C300&amp;ssl=1 300w\" sizes=\"auto, (max-width: 535px) 100vw, 535px\" \/><\/a><\/p>\n<p>Alors, parmi toutes les personnes que l&#8217;on croise, inconnues ou connaissances, combien font partie de cette masse silencieuse, de cette frange d&#8217;exclus. Retrait\u00e9s, ouvriers, agriculteurs, \u00e9tudiants qui glanent sur les march\u00e9s comme certains petits vieux&#8230; aujourd&#8217;hui, la pr\u00e9carit\u00e9 peut toucher tout le monde. Il ne suffit plus de travailler pour \u00e9chapper \u00e0 la mis\u00e8re. Elle est le plus souvent v\u00e9cue comme une honte par ceux qui la supportent. En plus de leur d\u00e9nuement mat\u00e9riel et de leur d\u00e9tresse morale, certains ne se privent pas de les accabler de tous les maux possibles et de d\u00e9noncer le &#8220;cancer de l&#8217;assistanat&#8221;.<\/p>\n<p><strong>&#8220;Les pauvres font tout pour profiter au maximum des aides !&#8221;<\/strong><br \/>\nUn grand nombre de personnes \u00e9ligibles aux aides, n&#8217;en fait pas la demande. 50% pour le RSA, 68% pour le tarif de premi\u00e8re n\u00e9cessit\u00e9 d&#8217;EDF, 50 \u00e0 70% pour les transports urbains. Le montant des aides sociales non r\u00e9clam\u00e9es par ceux qui y ont droit, atteint un montant de 11 milliards d&#8217;euros par an. Significatif.<\/p>\n<p><strong>&#8220;Les pauvres sont des fraudeurs !&#8221;<\/strong><br \/>\nFaux. Pour 60 millions d&#8217;euros de fraude au RSA d\u00e9tect\u00e9s en 2009, on comptait plus de 200 millions d&#8217;euros de travail non d\u00e9clar\u00e9s par les entreprises, 370 millions d&#8217;euros de fraude douani\u00e8re et\u00a0 2,5 milliards d&#8217;euros de fraude fiscale. O\u00f9 sont donc les tricheurs !!!<\/p>\n<p><strong>Lieux communs et id\u00e9es re\u00e7ues s&#8217;encha\u00eenent :<\/strong><br \/>\nS&#8217;ils sont pauvres, c&#8217;est de leur faute. S&#8217;ils sont \u00e0 la rue, c&#8217;est qu&#8217;ils l&#8217;ont choisi. S&#8217;ils font des enfants, c&#8217;est pour les allocations familiales. Ce sont des assist\u00e9s qui co\u00fbtent cher \u00e0 la soci\u00e9t\u00e9. D&#8217;ailleurs, s&#8217;ils voulaient vraiment chercher du travail, ils en trouveraient. De toute mani\u00e8re, on gagne plus au RSA qu&#8217;avec le SMIC. Ils per\u00e7oivent des allocations alors qu&#8217;ils \u00e9l\u00e8vent mal leurs enfants&#8230;etc.<\/p>\n<p><strong>ATD Quart Monde<\/strong> a publi\u00e9 un livret qui r\u00e9pond point par point \u00e0 un grand nombre de ces id\u00e9es re\u00e7ues (la plupart calomnieuses) sur la pauvret\u00e9. &#8220;En finir avec les id\u00e9es fausses sur les pauvres et la pauvret\u00e9&#8221;.<br \/>\n<span style=\"text-decoration: underline; font-size: large;\"><strong><a title=\"Clic pour acc\u00e9der au livre.\" href=\"http:\/\/www.editionsquartmonde.org\/En-finir-avec-les-idees-fausses\" target=\"_blank\">Le livre.<\/a><\/strong><\/span><\/p>\n<p><strong>Le 10 octobre dernier<\/strong>, lors de l&#8217;\u00e9mission &#8220;Des paroles et des actes&#8221; de France 2, une ch\u00f4meuse mulhousienne, Isabelle Maurer apostrophe Jean-Fran\u00e7ois Cop\u00e9. Elle raconte cinquante ans de gal\u00e8res, de pr\u00e9carit\u00e9, de rage de s&#8217;en sortir avec les 470 euros par mois du RSA et de maigres petits boulots. Elle fit entendre avec dignit\u00e9 la voix des &#8220;pauvres&#8221;, contre tous ceux qui les accusent de vivre en assist\u00e9s, aux crochets des aides publiques.<br \/>\n<span style=\"font-size: large;\"><a title=\"Jean-Fran\u00e7ois Cop\u00e9 interpell\u00e9 par Isabelle Maurer \" href=\"http:\/\/www.youtube.com\/watch?v=Bk9wYshdfk4\" target=\"_blank\"><span style=\"text-decoration: underline;\"><strong>La vid\u00e9o.<\/strong><\/span><\/a><\/span><\/p>\n<p>Lorsque l&#8217;on est confront\u00e9 de loin \u00e0 la pauvret\u00e9 des autres, celle-ci reste indolore, inodore.\u00a0 Il faut l&#8217;approcher de pr\u00e8s pour en reconna\u00eetre la monstruosit\u00e9 :\u00a0 l&#8217;isolement par la perte des amis, du manque d&#8217;acc\u00e8s \u00e0 l&#8217;information, d&#8217;une situation g\u00e9ographique excentr\u00e9e, de la p\u00e9nurie des biens de premi\u00e8re n\u00e9cessit\u00e9, du manque de respect et de l&#8217;absence de perspective d&#8217;avenir car bien souvent les enfants h\u00e9ritent de la pr\u00e9carit\u00e9 de leurs parents.<\/p>\n<p>J&#8217;aurai une profonde pens\u00e9e pour un vieil ami \u00e9leveur de moutons, malade, isol\u00e9 dans sa montagne et enferm\u00e9 dans la solitude du chagrin. Demain matin il fera trois pas vers la fen\u00eatre pour faire son caf\u00e9. Il s&#8217;\u00e9merveillera s\u00fbrement un instant sur la beaut\u00e9 du ciel puis se retournant, se dirigera vers la cuisini\u00e8re en sombrant dans l&#8217;apathie. Comment vivre heureux avec 420 euros de retraite par mois.<\/p>\n<p><span style=\"color: #800080;\"><i><strong>(1)\u00a0La d\u00e9finition de la pauvret\u00e9\u00a0:<\/strong><br \/>\nDepuis 2008, l\u2019Insee utilise la d\u00e9finition europ\u00e9enne de la pauvret\u00e9. Auparavant, le seuil de pauvret\u00e9 le plus souvent utilis\u00e9 \u00e9tait \u00e9quivalent \u00e0 la moiti\u00e9 du revenu m\u00e9dian, revenu qui partage en deux la population, autant gagne davantage, autant gagne moins. Mais dans les comparaisons europ\u00e9ennes, le seuil le plus souvent pratiqu\u00e9 se situe \u00e0 60\u00a0% du revenu m\u00e9dian. Ce saut de 50 \u00e0 60\u00a0% change tout\u00a0: il fait augmenter le seuil de 814 \u00e0 977 euros (pour une personne seule), le nombre de personnes concern\u00e9es de 4,9 \u00e0 8,8 millions et le taux de 7,9 \u00e0 14,3\u00a0%.<br \/>\nLe seuil de pauvret\u00e9 d\u00e9sormais utilis\u00e9 est \u00e9quivalent \u00e0 60\u00a0% du revenu m\u00e9dian. Ce revenu est de 1 628 euros pour un c\u00e9libataire. Le seuil est donc de 977 euros pour une personne seule (60\u00a0% de 1 628 euros). Selon les conventions de l\u2019Insee, ce m\u00eame seuil est de 1 466 euros pour un couple sans enfants et 2 052 euros pour un couple avec deux enfants de moins de 14 ans. A ces niveaux de vie, on se situe au double du revenu de solidarit\u00e9 active\u00a0: 492 euros pour une personne seule, 739 euros pour un couple sans enfant, 1 035 euros avec deux enfants. Le seuil de pauvret\u00e9 \u00e0 60\u00a0% prend en compte des situations sociales tr\u00e8s diversifi\u00e9es, qui vont de ce que l\u2019on appelait il y a quelques ann\u00e9es le \u00ab\u00a0quart monde\u00a0\u00bb, aux milieux sociaux tr\u00e8s modestes.<\/i><\/span><\/p>\n<p>&nbsp;<\/p>\n<p>&nbsp;<\/p>\n<p>&nbsp;<\/p>\n","protected":false},"excerpt":{"rendered":"<p>Ce matin \u00e0 la radio, j&#8217;ai entendu un journaliste qui annon\u00e7ait qu&#8217;on avait d\u00e9couvert \u00e0 Strasbourg une famille de &#8220;roms&#8221; qui vivait depuis 2 ans dans leur voiture. Comble de stupeur !!! Effrayant ce que l&#8217;on vit dans notre si &hellip; <a href=\"https:\/\/www.humericbox.com\/?p=2596\">Continuer la lecture <span class=\"meta-nav\">&rarr;<\/span><\/a><\/p>\n","protected":false},"author":1,"featured_media":0,"comment_status":"open","ping_status":"open","sticky":false,"template":"","format":"standard","meta":{"_s2mail":"yes","jetpack_post_was_ever_published":false,"_jetpack_newsletter_access":"","_jetpack_dont_email_post_to_subs":false,"_jetpack_newsletter_tier_id":0,"_jetpack_memberships_contains_paywalled_content":false,"_jetpack_memberships_contains_paid_content":false,"footnotes":"","jetpack_publicize_message":"","jetpack_publicize_feature_enabled":true,"jetpack_social_post_already_shared":false,"jetpack_social_options":{"image_generator_settings":{"template":"highway","default_image_id":0,"font":"","enabled":false},"version":2}},"categories":[3],"tags":[84,114],"class_list":["post-2596","post","type-post","status-publish","format-standard","hentry","category-reportage-photo","tag-pauvrete","tag-photos"],"jetpack_publicize_connections":[],"jetpack_featured_media_url":"","jetpack_shortlink":"https:\/\/wp.me\/s23bL2-2596","jetpack_sharing_enabled":true,"jetpack_likes_enabled":true,"_links":{"self":[{"href":"https:\/\/www.humericbox.com\/index.php?rest_route=\/wp\/v2\/posts\/2596","targetHints":{"allow":["GET"]}}],"collection":[{"href":"https:\/\/www.humericbox.com\/index.php?rest_route=\/wp\/v2\/posts"}],"about":[{"href":"https:\/\/www.humericbox.com\/index.php?rest_route=\/wp\/v2\/types\/post"}],"author":[{"embeddable":true,"href":"https:\/\/www.humericbox.com\/index.php?rest_route=\/wp\/v2\/users\/1"}],"replies":[{"embeddable":true,"href":"https:\/\/www.humericbox.com\/index.php?rest_route=%2Fwp%2Fv2%2Fcomments&post=2596"}],"version-history":[{"count":0,"href":"https:\/\/www.humericbox.com\/index.php?rest_route=\/wp\/v2\/posts\/2596\/revisions"}],"wp:attachment":[{"href":"https:\/\/www.humericbox.com\/index.php?rest_route=%2Fwp%2Fv2%2Fmedia&parent=2596"}],"wp:term":[{"taxonomy":"category","embeddable":true,"href":"https:\/\/www.humericbox.com\/index.php?rest_route=%2Fwp%2Fv2%2Fcategories&post=2596"},{"taxonomy":"post_tag","embeddable":true,"href":"https:\/\/www.humericbox.com\/index.php?rest_route=%2Fwp%2Fv2%2Ftags&post=2596"}],"curies":[{"name":"wp","href":"https:\/\/api.w.org\/{rel}","templated":true}]}}