{"id":1803,"date":"2013-05-28T09:06:13","date_gmt":"2013-05-28T09:06:13","guid":{"rendered":"http:\/\/www.humericbox.com\/?p=1803"},"modified":"2016-08-15T11:22:07","modified_gmt":"2016-08-15T11:22:07","slug":"algerie-une-mauvaise-guerre","status":"publish","type":"post","link":"https:\/\/www.humericbox.com\/?p=1803","title":{"rendered":"Alg\u00e9rie. Une mauvaise guerre"},"content":{"rendered":"<div id=\"attachment_1807\" style=\"width: 610px\" class=\"wp-caption alignleft\"><img data-recalc-dims=\"1\" loading=\"lazy\" decoding=\"async\" aria-describedby=\"caption-attachment-1807\" data-attachment-id=\"1807\" data-permalink=\"https:\/\/www.humericbox.com\/?attachment_id=1807\" data-orig-file=\"https:\/\/i0.wp.com\/www.humericbox.com\/wp-content\/uploads\/2013\/05\/8-mai_raymond-yvon.jpg?fit=600%2C398&amp;ssl=1\" data-orig-size=\"600,398\" data-comments-opened=\"1\" data-image-meta=\"{&quot;aperture&quot;:&quot;5.6&quot;,&quot;credit&quot;:&quot;&quot;,&quot;camera&quot;:&quot;&quot;,&quot;caption&quot;:&quot;&quot;,&quot;created_timestamp&quot;:&quot;1368003320&quot;,&quot;copyright&quot;:&quot;&quot;,&quot;focal_length&quot;:&quot;36&quot;,&quot;iso&quot;:&quot;400&quot;,&quot;shutter_speed&quot;:&quot;0.002&quot;,&quot;title&quot;:&quot;&quot;}\" data-image-title=\"8 mai_raymond &amp;#038; yvon\" data-image-description=\"\" data-image-caption=\"&lt;p&gt;Raymond et Yvon Lebrun \u00e0 Carteret (Manche)&lt;\/p&gt;\n\" data-medium-file=\"https:\/\/i0.wp.com\/www.humericbox.com\/wp-content\/uploads\/2013\/05\/8-mai_raymond-yvon.jpg?fit=300%2C199&amp;ssl=1\" data-large-file=\"https:\/\/i0.wp.com\/www.humericbox.com\/wp-content\/uploads\/2013\/05\/8-mai_raymond-yvon.jpg?fit=584%2C387&amp;ssl=1\" class=\" wp-image-1807 \" src=\"https:\/\/i0.wp.com\/www.humericbox.com\/wp-content\/uploads\/2013\/05\/8-mai_raymond-yvon.jpg?resize=584%2C387&#038;ssl=1\" alt=\"Raymond et Yvon Lebrun \u00e0 Carteret (Manche)\" width=\"584\" height=\"387\" srcset=\"https:\/\/i0.wp.com\/www.humericbox.com\/wp-content\/uploads\/2013\/05\/8-mai_raymond-yvon.jpg?w=600&amp;ssl=1 600w, https:\/\/i0.wp.com\/www.humericbox.com\/wp-content\/uploads\/2013\/05\/8-mai_raymond-yvon.jpg?resize=300%2C199&amp;ssl=1 300w, https:\/\/i0.wp.com\/www.humericbox.com\/wp-content\/uploads\/2013\/05\/8-mai_raymond-yvon.jpg?resize=452%2C300&amp;ssl=1 452w\" sizes=\"auto, (max-width: 584px) 100vw, 584px\" \/><p id=\"caption-attachment-1807\" class=\"wp-caption-text\">Raymond Hamel et Yvon Le Brun \u00e0 Carteret (Manche). Le 8 mai 2013<\/p><\/div>\n<p><strong>Je les ai rencontr\u00e9s tous deux s&#8217;en allant tranquillement, leurs drapeaux sous le bras avec sans doute le sentiment d&#8217;un devoir de m\u00e9moire bien accompli.<\/strong><\/p>\n<p>Il y avait peu de monde pour cette comm\u00e9moration du 8 mai 1944 \u00e0 Carteret (Manche). C&#8217;est une \u00e9vidence, presque plus personne ne se soucie de comm\u00e9morer des \u00e9v\u00e9nements qui s&#8217;\u00e9loignent de nos m\u00e9moires. Et puis, les anciens combattants, ceux de 14\/18, ne vivent plus que dans les r\u00e9cits. Ceux de la derni\u00e8re guerre sont de moins en moins nombreux et bient\u00f4t auront rejoint leurs camarades de combat. On parle toujours de 39\/45 comme l&#8217;\u00e9vidence de la derni\u00e8re guerre. Mais n&#8217;aurait t&#8217;on pas la m\u00e9moire s\u00e9lective ou mal form\u00e9e pour oublier que la guerre d&#8217;Alg\u00e9rie fut une v\u00e9ritable guerre et que des milliers de soldats fran\u00e7ais sont morts sur une terre qu&#8217;ils n&#8217;avaient pas choisie.<\/p>\n<p>Raymond Hamel et Yvon Le Brun, en ce jour du 8 mai 2013 repr\u00e9sentent ces anciens combattants de la guerre d&#8217;Alg\u00e9rie. Qui \u00e9taient-ils ces discrets &#8220;soldats&#8221; d&#8217;une guerre qui eut du mal \u00e0 dire son nom.\u00a0Entre 1954 et 1962, pr\u00e8s de 2 millions de jeunes soldats fran\u00e7ais se sont succ\u00e9d\u00e9s en Alg\u00e9rie. De tous temps les politiques ont su mentir au peuple pour mener \u00e0 bien leurs desseins. L&#8217;intervention en Alg\u00e9rie fut appel\u00e9e &#8220;simple op\u00e9ration de maintien de l&#8217;ordre&#8221;. Il \u00e9tait question de r\u00e9duire quelques rebelles mena\u00e7ant la r\u00e9publique fran\u00e7aise en Alg\u00e9rie. Et la population tromp\u00e9e crut longtemps cette fable. En quelque sorte, le contingent d&#8217;appel\u00e9s et leurs familles imagin\u00e8rent vivre une &#8220;exp\u00e9rience touristique&#8221;. N&#8217;est-il pas habituel de dire que les voyages forment la jeunesse !<\/p>\n<div id=\"attachment_1903\" style=\"width: 207px\" class=\"wp-caption alignleft\"><img data-recalc-dims=\"1\" loading=\"lazy\" decoding=\"async\" aria-describedby=\"caption-attachment-1903\" data-attachment-id=\"1903\" data-permalink=\"https:\/\/www.humericbox.com\/?attachment_id=1903\" data-orig-file=\"https:\/\/i0.wp.com\/www.humericbox.com\/wp-content\/uploads\/2013\/06\/algerie_yvon-le-brun_01.jpg?fit=395%2C600&amp;ssl=1\" data-orig-size=\"395,600\" data-comments-opened=\"1\" data-image-meta=\"{&quot;aperture&quot;:&quot;4&quot;,&quot;credit&quot;:&quot;&quot;,&quot;camera&quot;:&quot;&quot;,&quot;caption&quot;:&quot;&quot;,&quot;created_timestamp&quot;:&quot;1369221208&quot;,&quot;copyright&quot;:&quot;&quot;,&quot;focal_length&quot;:&quot;55&quot;,&quot;iso&quot;:&quot;400&quot;,&quot;shutter_speed&quot;:&quot;0.0055555555555556&quot;,&quot;title&quot;:&quot;&quot;}\" data-image-title=\"algerie_yvon le brun_01\" data-image-description=\"\" data-image-caption=\"\" data-medium-file=\"https:\/\/i0.wp.com\/www.humericbox.com\/wp-content\/uploads\/2013\/06\/algerie_yvon-le-brun_01.jpg?fit=197%2C300&amp;ssl=1\" data-large-file=\"https:\/\/i0.wp.com\/www.humericbox.com\/wp-content\/uploads\/2013\/06\/algerie_yvon-le-brun_01.jpg?fit=395%2C600&amp;ssl=1\" class=\"size-medium wp-image-1903 \" src=\"https:\/\/i0.wp.com\/www.humericbox.com\/wp-content\/uploads\/2013\/06\/algerie_yvon-le-brun_01.jpg?resize=197%2C300&#038;ssl=1\" alt=\"algerie_yvon le brun_01\" width=\"197\" height=\"300\" srcset=\"https:\/\/i0.wp.com\/www.humericbox.com\/wp-content\/uploads\/2013\/06\/algerie_yvon-le-brun_01.jpg?resize=197%2C300&amp;ssl=1 197w, https:\/\/i0.wp.com\/www.humericbox.com\/wp-content\/uploads\/2013\/06\/algerie_yvon-le-brun_01.jpg?w=395&amp;ssl=1 395w\" sizes=\"auto, (max-width: 197px) 100vw, 197px\" \/><p id=\"caption-attachment-1903\" class=\"wp-caption-text\">Yvon Le Brun, jeune appel\u00e9 en Alg\u00e9rie.<\/p><\/div>\n<p>Cette jeunesse l\u00e0, elle est revenue&#8230;ou pas ! Ces adolescents qui avaient 20 ans se sont r\u00e9v\u00e9l\u00e9s en hommes, mais en hommes morcel\u00e9s, meurtris avec le sentiment d&#8217;avoir fait une guerre sans vraiment la comprendre. De retour en France, \u00e0 la descente des trains, des bateaux, ils sont totalement d\u00e9pays\u00e9s. L&#8217;accueil sur la terre patrie est bien indiff\u00e9rent, voire hostile. Ce n&#8217;est pas la f\u00eate tant attendue qui c\u00e9l\u00e8bre le retour des h\u00e9ros valeureux, ou des combattants d&#8217;une juste cause. Les appel\u00e9s trouvent peu de soutien, peu d&#8217;\u00e9coute, comme si cette guerre de l&#8217;autre c\u00f4t\u00e9 de la M\u00e9diterran\u00e9e avait anesth\u00e9si\u00e9 peu \u00e0 peu la population fran\u00e7aise. L&#8217;\u00e9poque a chang\u00e9, la France est entr\u00e9e dans une nouvelle modernit\u00e9. L&#8217;heure est \u00e0 l&#8217;exub\u00e9rance, \u00e0 l&#8217;outrance. C&#8217;est l&#8217;heure des &#8220;y\u00e9-y\u00e9&#8221;, Claude Fran\u00e7ois est une idole, outre manche les Beatles enregistrent leur premier disque. Personne ne veut plus rien avoir \u00e0 faire avec cette &#8220;guerre&#8221; qui a divis\u00e9 les Fran\u00e7ais. Alors, les appel\u00e9s d&#8217;Alg\u00e9rie ont enfoui leur peur, leur sueur, leur fatigue, leur d\u00e9tresse au plus profond d&#8217;eux-m\u00eames. Leur parole s&#8217;est faite discr\u00e8te, secr\u00e8te m\u00eame pour ne s&#8217;ouvrir qu&#8217;en de rares occasions.<\/p>\n<div id=\"attachment_1904\" style=\"width: 310px\" class=\"wp-caption alignright\"><img data-recalc-dims=\"1\" loading=\"lazy\" decoding=\"async\" aria-describedby=\"caption-attachment-1904\" data-attachment-id=\"1904\" data-permalink=\"https:\/\/www.humericbox.com\/?attachment_id=1904\" data-orig-file=\"https:\/\/i0.wp.com\/www.humericbox.com\/wp-content\/uploads\/2013\/06\/algerie_yvon-le-brun_02.jpg?fit=600%2C398&amp;ssl=1\" data-orig-size=\"600,398\" data-comments-opened=\"1\" data-image-meta=\"{&quot;aperture&quot;:&quot;4&quot;,&quot;credit&quot;:&quot;&quot;,&quot;camera&quot;:&quot;&quot;,&quot;caption&quot;:&quot;&quot;,&quot;created_timestamp&quot;:&quot;1369220152&quot;,&quot;copyright&quot;:&quot;&quot;,&quot;focal_length&quot;:&quot;24&quot;,&quot;iso&quot;:&quot;400&quot;,&quot;shutter_speed&quot;:&quot;0.008&quot;,&quot;title&quot;:&quot;&quot;}\" data-image-title=\"algerie_yvon le brun_02\" data-image-description=\"\" data-image-caption=\"&lt;p&gt;L&amp;#8217;album photo revoit le jour apr\u00e8s des ann\u00e9es de mise \u00e0 l&amp;#8217;\u00e9cart.&lt;\/p&gt;\n\" data-medium-file=\"https:\/\/i0.wp.com\/www.humericbox.com\/wp-content\/uploads\/2013\/06\/algerie_yvon-le-brun_02.jpg?fit=300%2C199&amp;ssl=1\" data-large-file=\"https:\/\/i0.wp.com\/www.humericbox.com\/wp-content\/uploads\/2013\/06\/algerie_yvon-le-brun_02.jpg?fit=584%2C387&amp;ssl=1\" class=\"size-medium wp-image-1904\" src=\"https:\/\/i0.wp.com\/www.humericbox.com\/wp-content\/uploads\/2013\/06\/algerie_yvon-le-brun_02.jpg?resize=300%2C199&#038;ssl=1\" alt=\"L'album photo revoit le jour apr\u00e8s des ann\u00e9es de mise \u00e0 l'\u00e9cart.\" width=\"300\" height=\"199\" srcset=\"https:\/\/i0.wp.com\/www.humericbox.com\/wp-content\/uploads\/2013\/06\/algerie_yvon-le-brun_02.jpg?resize=300%2C199&amp;ssl=1 300w, https:\/\/i0.wp.com\/www.humericbox.com\/wp-content\/uploads\/2013\/06\/algerie_yvon-le-brun_02.jpg?resize=452%2C300&amp;ssl=1 452w, https:\/\/i0.wp.com\/www.humericbox.com\/wp-content\/uploads\/2013\/06\/algerie_yvon-le-brun_02.jpg?w=600&amp;ssl=1 600w\" sizes=\"auto, (max-width: 300px) 100vw, 300px\" \/><p id=\"caption-attachment-1904\" class=\"wp-caption-text\">L&#8217;album photo revoit le jour apr\u00e8s des ann\u00e9es de mise \u00e0 l&#8217;\u00e9cart.<\/p><\/div>\n<p>C&#8217;est la femme d&#8217;Yvon Le Brun, Sabina, qui est all\u00e9 cherch\u00e9 l&#8217;album photos l\u00e0-haut, enfoui dans l&#8217;armoire de la chambre. Cet album \u00e0 la couverture de cuir, c&#8217;est celui qui raconte en quelques pages toute la vie g\u00e2ch\u00e9e d&#8217;un adolescent parti \u00e0 19 ans contre son gr\u00e9 en Alg\u00e9rie. Il saisit l&#8217;album que lui tend Sabina.<br \/>\n<strong>\u2014 \u00c7a fait longtemps que je ne l&#8217;ai pas vu celui-l\u00e0 ! Les 3\/4 de mes photos, c&#8217;est ma s\u0153ur a\u00een\u00e9e qui les a. Quand j&#8217;\u00e9crivais, j&#8217;envoyais des photos. C&#8217;est elle qui les r\u00e9cup\u00e9rait. J&#8217;avais envoy\u00e9 des photos qui \u00e9taient assez &#8220;dures&#8221;. Elle n&#8217;a jamais voulu me les rendre. Elle ne veut m\u00eame pas que je les regarde. Elle me dit &#8220;\u00e7a va te faire des mis\u00e8res !&#8221;.<br \/>\n<\/strong><\/p>\n<div id=\"attachment_1905\" style=\"width: 310px\" class=\"wp-caption alignleft\"><img data-recalc-dims=\"1\" loading=\"lazy\" decoding=\"async\" aria-describedby=\"caption-attachment-1905\" data-attachment-id=\"1905\" data-permalink=\"https:\/\/www.humericbox.com\/?attachment_id=1905\" data-orig-file=\"https:\/\/i0.wp.com\/www.humericbox.com\/wp-content\/uploads\/2013\/06\/algerie_yvon-le-brun_03.jpg?fit=600%2C410&amp;ssl=1\" data-orig-size=\"600,410\" data-comments-opened=\"1\" data-image-meta=\"{&quot;aperture&quot;:&quot;4&quot;,&quot;credit&quot;:&quot;&quot;,&quot;camera&quot;:&quot;&quot;,&quot;caption&quot;:&quot;&quot;,&quot;created_timestamp&quot;:&quot;1369221131&quot;,&quot;copyright&quot;:&quot;&quot;,&quot;focal_length&quot;:&quot;52&quot;,&quot;iso&quot;:&quot;400&quot;,&quot;shutter_speed&quot;:&quot;0.0055555555555556&quot;,&quot;title&quot;:&quot;&quot;}\" data-image-title=\"algerie_yvon le brun_03\" data-image-description=\"\" data-image-caption=\"&lt;p&gt;L&amp;#8217;ennui en poste au r\u00e9giment. Yvon Le brun pr\u00e9f\u00e8re assurer ses fonctions de radiot\u00e9l\u00e9graphiste sue le terrain.&lt;\/p&gt;\n\" data-medium-file=\"https:\/\/i0.wp.com\/www.humericbox.com\/wp-content\/uploads\/2013\/06\/algerie_yvon-le-brun_03.jpg?fit=300%2C205&amp;ssl=1\" data-large-file=\"https:\/\/i0.wp.com\/www.humericbox.com\/wp-content\/uploads\/2013\/06\/algerie_yvon-le-brun_03.jpg?fit=584%2C399&amp;ssl=1\" class=\"size-medium wp-image-1905 \" src=\"https:\/\/i0.wp.com\/www.humericbox.com\/wp-content\/uploads\/2013\/06\/algerie_yvon-le-brun_03.jpg?resize=300%2C205&#038;ssl=1\" alt=\"L'ennui en poste au r\u00e9giment. Yvon Le brun pr\u00e9f\u00e8re assurer ses fonctions de radiot\u00e9l\u00e9graphiste sue le terrain.\" width=\"300\" height=\"205\" srcset=\"https:\/\/i0.wp.com\/www.humericbox.com\/wp-content\/uploads\/2013\/06\/algerie_yvon-le-brun_03.jpg?resize=300%2C205&amp;ssl=1 300w, https:\/\/i0.wp.com\/www.humericbox.com\/wp-content\/uploads\/2013\/06\/algerie_yvon-le-brun_03.jpg?resize=439%2C300&amp;ssl=1 439w, https:\/\/i0.wp.com\/www.humericbox.com\/wp-content\/uploads\/2013\/06\/algerie_yvon-le-brun_03.jpg?w=600&amp;ssl=1 600w\" sizes=\"auto, (max-width: 300px) 100vw, 300px\" \/><p id=\"caption-attachment-1905\" class=\"wp-caption-text\">L&#8217;ennui en poste au r\u00e9giment. Yvon Le brun pr\u00e9f\u00e8re assurer ses fonctions de radiot\u00e9l\u00e9graphiste sur le terrain.<\/p><\/div>\n<p>Le regard s&#8217;attarde sur les premi\u00e8res photos d\u00e9voil\u00e9es. En silence. Yvon prend son temps. Il plonge lentement dans un quotidien fig\u00e9 l\u00e0 en noir et blanc ou en s\u00e9pia. Des toiles de tentes \u00e0 perte de vue, des hommes en djellaba, du d\u00e9sert, des pierres, de la mis\u00e8re surtout. Le premier choc.<br \/>\n<strong>\u2014 Oh l\u00e0 l\u00e0 ! Je n&#8217;ai pas regard\u00e9 ces photos au moins depuis 40 ans. \u00c7a me fait tout dr\u00f4le.<\/strong><\/p>\n<p>Dans l&#8217;album, sur les pages de gauche il ne reste plus que quelques traces de colle. Les photos ont disparu. Yvon ne sait plus ou elles sont.<br \/>\n<strong>\u2014 \u00c7a, c&#8217;est Tr\u00e9zel. Il y avait un rassemblement. Un colonel\u00a0 nous a annonc\u00e9 &#8220;On vous maintient 3 mois de plus. Qu&#8217;est-ce que c&#8217;est que 3 mois dans la vie d&#8217;un homme !&#8221; L\u00e0, \u00e0 l&#8217;annonce, il y a des mecs qui sont tomb\u00e9s dans les pommes. Faire 3 mois de plus, c&#8217;\u00e9tait augmenter le risque d&#8217;y passer. Moi, j&#8217;\u00e9tais radio t\u00e9l\u00e9graphiste (morse). Quand il y avait un officier avec un radio \u00e0 c\u00f4t\u00e9, c&#8217;est le radio qui d\u00e9gustait. L&#8217;ennemi savait qu&#8217;un officier ou une compagnie ne pouvait plus rien faire sans le radio.<br \/>\n<\/strong><\/p>\n<div id=\"attachment_1906\" style=\"width: 310px\" class=\"wp-caption alignright\"><img data-recalc-dims=\"1\" loading=\"lazy\" decoding=\"async\" aria-describedby=\"caption-attachment-1906\" data-attachment-id=\"1906\" data-permalink=\"https:\/\/www.humericbox.com\/?attachment_id=1906\" data-orig-file=\"https:\/\/i0.wp.com\/www.humericbox.com\/wp-content\/uploads\/2013\/06\/algerie_yvon-le-brun_04.jpg?fit=600%2C385&amp;ssl=1\" data-orig-size=\"600,385\" data-comments-opened=\"1\" data-image-meta=\"{&quot;aperture&quot;:&quot;4&quot;,&quot;credit&quot;:&quot;&quot;,&quot;camera&quot;:&quot;&quot;,&quot;caption&quot;:&quot;&quot;,&quot;created_timestamp&quot;:&quot;1369220513&quot;,&quot;copyright&quot;:&quot;&quot;,&quot;focal_length&quot;:&quot;44&quot;,&quot;iso&quot;:&quot;400&quot;,&quot;shutter_speed&quot;:&quot;0.008&quot;,&quot;title&quot;:&quot;&quot;}\" data-image-title=\"algerie_yvon le brun_04\" data-image-description=\"\" data-image-caption=\"&lt;p&gt;Sur le terrain avec les &amp;#8220;potes.&lt;\/p&gt;\n\" data-medium-file=\"https:\/\/i0.wp.com\/www.humericbox.com\/wp-content\/uploads\/2013\/06\/algerie_yvon-le-brun_04.jpg?fit=300%2C192&amp;ssl=1\" data-large-file=\"https:\/\/i0.wp.com\/www.humericbox.com\/wp-content\/uploads\/2013\/06\/algerie_yvon-le-brun_04.jpg?fit=584%2C375&amp;ssl=1\" class=\"size-medium wp-image-1906 \" src=\"https:\/\/i0.wp.com\/www.humericbox.com\/wp-content\/uploads\/2013\/06\/algerie_yvon-le-brun_04.jpg?resize=300%2C192&#038;ssl=1\" alt=\"Sur le terrain avec les &quot;potes.\" width=\"300\" height=\"192\" srcset=\"https:\/\/i0.wp.com\/www.humericbox.com\/wp-content\/uploads\/2013\/06\/algerie_yvon-le-brun_04.jpg?resize=300%2C192&amp;ssl=1 300w, https:\/\/i0.wp.com\/www.humericbox.com\/wp-content\/uploads\/2013\/06\/algerie_yvon-le-brun_04.jpg?resize=467%2C300&amp;ssl=1 467w, https:\/\/i0.wp.com\/www.humericbox.com\/wp-content\/uploads\/2013\/06\/algerie_yvon-le-brun_04.jpg?w=600&amp;ssl=1 600w\" sizes=\"auto, (max-width: 300px) 100vw, 300px\" \/><p id=\"caption-attachment-1906\" class=\"wp-caption-text\">Sur le terrain avec les &#8220;potes.<\/p><\/div>\n<p>En tournant les pages, le papier cristal de protection se froisse, brise le silence. Les noms des copains peu \u00e0 peu reviennent au regard des photos. Les souvenirs se font aussi plus pr\u00e9cis. Il pose un doigt assur\u00e9 sur certains visages. H\u00e9site sur d&#8217;autres. Il me montre.<br \/>\n<strong>\u2014 L\u00e0, c&#8217;\u00e9taient des &#8220;potes&#8221;. Lui il a \u00e9t\u00e9 bless\u00e9. Lui, c&#8217;\u00e9tait le marrant de la bande. Vous voyez, ce n&#8217;est pas du baratin ce que je vous raconte !<\/strong><\/p>\n<div id=\"attachment_1909\" style=\"width: 660px\" class=\"wp-caption alignright\"><img data-recalc-dims=\"1\" loading=\"lazy\" decoding=\"async\" aria-describedby=\"caption-attachment-1909\" data-attachment-id=\"1909\" data-permalink=\"https:\/\/www.humericbox.com\/?attachment_id=1909\" data-orig-file=\"https:\/\/i0.wp.com\/www.humericbox.com\/wp-content\/uploads\/2013\/06\/algerie_yvon-le-brun_08.jpg?fit=650%2C438&amp;ssl=1\" data-orig-size=\"650,438\" data-comments-opened=\"1\" data-image-meta=\"{&quot;aperture&quot;:&quot;0&quot;,&quot;credit&quot;:&quot;&quot;,&quot;camera&quot;:&quot;&quot;,&quot;caption&quot;:&quot;&quot;,&quot;created_timestamp&quot;:&quot;0&quot;,&quot;copyright&quot;:&quot;&quot;,&quot;focal_length&quot;:&quot;0&quot;,&quot;iso&quot;:&quot;0&quot;,&quot;shutter_speed&quot;:&quot;0&quot;,&quot;title&quot;:&quot;&quot;}\" data-image-title=\"algerie_yvon le brun_08\" data-image-description=\"\" data-image-caption=\"\" data-medium-file=\"https:\/\/i0.wp.com\/www.humericbox.com\/wp-content\/uploads\/2013\/06\/algerie_yvon-le-brun_08.jpg?fit=300%2C202&amp;ssl=1\" data-large-file=\"https:\/\/i0.wp.com\/www.humericbox.com\/wp-content\/uploads\/2013\/06\/algerie_yvon-le-brun_08.jpg?fit=584%2C394&amp;ssl=1\" class=\" wp-image-1909\" src=\"https:\/\/i0.wp.com\/www.humericbox.com\/wp-content\/uploads\/2013\/06\/algerie_yvon-le-brun_08.jpg?resize=584%2C394&#038;ssl=1\" alt=\"algerie_yvon le brun_08\" width=\"584\" height=\"394\" srcset=\"https:\/\/i0.wp.com\/www.humericbox.com\/wp-content\/uploads\/2013\/06\/algerie_yvon-le-brun_08.jpg?w=650&amp;ssl=1 650w, https:\/\/i0.wp.com\/www.humericbox.com\/wp-content\/uploads\/2013\/06\/algerie_yvon-le-brun_08.jpg?resize=300%2C202&amp;ssl=1 300w, https:\/\/i0.wp.com\/www.humericbox.com\/wp-content\/uploads\/2013\/06\/algerie_yvon-le-brun_08.jpg?resize=445%2C300&amp;ssl=1 445w\" sizes=\"auto, (max-width: 584px) 100vw, 584px\" \/><p id=\"caption-attachment-1909\" class=\"wp-caption-text\">Le colonel Bigeard comprend tr\u00e8s vite l&#8217;int\u00e9r\u00eat de l&#8217;utilisation des h\u00e9licopt\u00e8res (Vertol H-21C ou &#8220;bananes volantes&#8221;)<\/p><\/div>\n<p>Yvon confirme de temps \u00e0 autre l&#8217;authenticit\u00e9 de son r\u00e9cit, comme si ce dernier pouvait \u00eatre mis en cause ou contrari\u00e9. Il y a un besoin de rendre palpable &#8220;l&#8217;indicible&#8221;.<br \/>\n<strong>\u2014 Au r\u00e9giment, je me faisais &#8220;chier&#8221;. Pour moi, ce n&#8217;\u00e9tait pas \u00e7a. Il me fallait \u00eatre sur le terrain malgr\u00e9 le danger. Lors d&#8217;une op\u00e9ration h\u00e9liport\u00e9e, un gars s&#8217;est fichu de moi parce que je me suis allong\u00e9 \u00e0 la porte de l&#8217;h\u00e9lico. Pauvre gars. La diff\u00e9rence c&#8217;est que moi je suis vivant et que lui est mort. Il a pris une balle. Plus vous \u00eates \u00e0 plat, moins vous \u00eates une cible, surtout \u00e0 une porte d&#8217;h\u00e9licopt\u00e8re comme \u00e7a. L&#8217;h\u00e9lico restait toujours \u00e0 2, 3 m\u00e8tres du sol. Il fallait sauter. J&#8217;ai fait passer la &#8220;g\u00e9g\u00e8ne&#8221; devant moi et j&#8217;ai plong\u00e9 la t\u00eate la premi\u00e8re. \u00c7a m&#8217;a sauv\u00e9.<\/strong><\/p>\n<div id=\"attachment_1907\" style=\"width: 310px\" class=\"wp-caption alignright\"><img data-recalc-dims=\"1\" loading=\"lazy\" decoding=\"async\" aria-describedby=\"caption-attachment-1907\" data-attachment-id=\"1907\" data-permalink=\"https:\/\/www.humericbox.com\/?attachment_id=1907\" data-orig-file=\"https:\/\/i0.wp.com\/www.humericbox.com\/wp-content\/uploads\/2013\/06\/algerie_yvon-le-brun_05.jpg?fit=600%2C380&amp;ssl=1\" data-orig-size=\"600,380\" data-comments-opened=\"1\" data-image-meta=\"{&quot;aperture&quot;:&quot;4&quot;,&quot;credit&quot;:&quot;&quot;,&quot;camera&quot;:&quot;&quot;,&quot;caption&quot;:&quot;&quot;,&quot;created_timestamp&quot;:&quot;1369220312&quot;,&quot;copyright&quot;:&quot;&quot;,&quot;focal_length&quot;:&quot;44&quot;,&quot;iso&quot;:&quot;400&quot;,&quot;shutter_speed&quot;:&quot;0.011111111111111&quot;,&quot;title&quot;:&quot;&quot;}\" data-image-title=\"algerie_yvon le brun_05\" data-image-description=\"\" data-image-caption=\"\" data-medium-file=\"https:\/\/i0.wp.com\/www.humericbox.com\/wp-content\/uploads\/2013\/06\/algerie_yvon-le-brun_05.jpg?fit=300%2C190&amp;ssl=1\" data-large-file=\"https:\/\/i0.wp.com\/www.humericbox.com\/wp-content\/uploads\/2013\/06\/algerie_yvon-le-brun_05.jpg?fit=584%2C370&amp;ssl=1\" class=\"size-medium wp-image-1907\" src=\"https:\/\/i0.wp.com\/www.humericbox.com\/wp-content\/uploads\/2013\/06\/algerie_yvon-le-brun_05.jpg?resize=300%2C190&#038;ssl=1\" alt=\"algerie_yvon le brun_05\" width=\"300\" height=\"190\" srcset=\"https:\/\/i0.wp.com\/www.humericbox.com\/wp-content\/uploads\/2013\/06\/algerie_yvon-le-brun_05.jpg?resize=300%2C190&amp;ssl=1 300w, https:\/\/i0.wp.com\/www.humericbox.com\/wp-content\/uploads\/2013\/06\/algerie_yvon-le-brun_05.jpg?resize=473%2C300&amp;ssl=1 473w, https:\/\/i0.wp.com\/www.humericbox.com\/wp-content\/uploads\/2013\/06\/algerie_yvon-le-brun_05.jpg?w=600&amp;ssl=1 600w\" sizes=\"auto, (max-width: 300px) 100vw, 300px\" \/><p id=\"caption-attachment-1907\" class=\"wp-caption-text\">Automitrailleuse l\u00e9g\u00e8re Panhard.<\/p><\/div>\n<p>L&#8217;homme parfois se redresse de la table en croisant les bras comme dans un geste de d\u00e9fense. Il semble retenir ses sentiments ou peut-\u00eatre se prot\u00e9ger de lui-m\u00eame. Peur de trop en dire, crainte de se laisser submerger par ses sentiments, par ses souvenirs. De temps en temps une larme se forme au coin de ses yeux. La souffrance int\u00e9rieure est sans doute trop forte. Je ne veux pas trop insister. Je laisse \u00e0 Yvon l&#8217;initiative du rythme de son r\u00e9cit.<br \/>\n<strong>\u2014 On allait vers une ville&#8230;je ne me souviens plus du nom de la ville. Nous \u00e9tions dans le 4&#215;4. L\u00e0, on \u00e9tait 3 radios, plus un homme de garde et le chauffeur, un normand que j&#8217;aimerai bien retrouver. Et, on se fait klaxonner par une jeep derri\u00e8re nous qui avait visiblement une urgence. C&#8217;\u00e9tait un grad\u00e9. Notre chauffeur r\u00e2le un peu, puis s&#8217;\u00e9carte pour le laisser passer. La jeep nous double \u00e0 toute vitesse. 150 m\u00e8tres plus loin&#8230;une boule de feu. Il a saut\u00e9 sur une mine. Logiquement, c&#8217;\u00e9tait pour nous car on \u00e9tait en t\u00eate. \u00c7a, \u00e7a fait r\u00e9fl\u00e9chir. La chance, le hasard, la destin\u00e9e&#8230;Pourquoi lui au lieu de nous ? On en a parl\u00e9 longtemps entre nous et dans la compagnie.<\/strong><\/p>\n<p>Sur les photos, je ne parviens pas \u00e0 reconna\u00eetre Yvon. Je vois des jeunes hommes, unis, souriants, un bras pos\u00e9 sur l&#8217;\u00e9paule du copain, de l&#8217;ami en signe de fraternit\u00e9. Il y a les visages de ceux qui sont morts, qui resteront \u00e0 jamais imprim\u00e9s autant dans la m\u00e9moire que sur le papier photo.\u00a0Il me parle de la torture qu&#8217;il n&#8217;acceptait pas. Mais pour lui, c&#8217;\u00e9tait des actes pratiqu\u00e9s par des &#8220;\u00e9quipes sp\u00e9ciales&#8221;. Il \u00e9tait rare que des appel\u00e9s soient m\u00eal\u00e9s \u00e0 ces exactions.<br \/>\n<strong>\u2014 Une fois, j&#8217;ai assist\u00e9 \u00e0 une sc\u00e8ne de torture. J&#8217;ai fait halte l\u00e0 \u00e0 tout \u00e7a. Je me suis pr\u00e9sent\u00e9 au garde \u00e0 vous au capitaine et je lui ai dit que \u00e7a ne devait pas exister \u00e7a ! Mais enfin, dans le fond&#8230;apr\u00e8s, ils faisaient \u00e7a ailleurs. Il ne fallait pas se plaindre, au 1er r\u00e9giment on \u00e9tait &#8220;propre&#8221;. Il y avait une sorte de respect. C&#8217;est quand m\u00eame un r\u00e9giment qui a un sacr\u00e9 historique. Fond\u00e9 en 1479 par Louis XI. &#8220;Praeteriti fides exemplum que futuri&#8221; (Fid\u00e9lit\u00e9 au pass\u00e9 et exemple pour l&#8217;avenir). On devait aussi honorer notre devise.<\/strong><\/p>\n<div id=\"attachment_1908\" style=\"width: 610px\" class=\"wp-caption alignright\"><img data-recalc-dims=\"1\" loading=\"lazy\" decoding=\"async\" aria-describedby=\"caption-attachment-1908\" data-attachment-id=\"1908\" data-permalink=\"https:\/\/www.humericbox.com\/?attachment_id=1908\" data-orig-file=\"https:\/\/i0.wp.com\/www.humericbox.com\/wp-content\/uploads\/2013\/06\/algerie_yvon-le-brun_06.jpg?fit=600%2C576&amp;ssl=1\" data-orig-size=\"600,576\" data-comments-opened=\"1\" data-image-meta=\"{&quot;aperture&quot;:&quot;4&quot;,&quot;credit&quot;:&quot;&quot;,&quot;camera&quot;:&quot;&quot;,&quot;caption&quot;:&quot;&quot;,&quot;created_timestamp&quot;:&quot;1369221262&quot;,&quot;copyright&quot;:&quot;&quot;,&quot;focal_length&quot;:&quot;55&quot;,&quot;iso&quot;:&quot;400&quot;,&quot;shutter_speed&quot;:&quot;0.0055555555555556&quot;,&quot;title&quot;:&quot;&quot;}\" data-image-title=\"algerie_yvon le brun_06\" data-image-description=\"\" data-image-caption=\"&lt;p&gt;Au moment du d\u00e9part en op\u00e9ration, Yvon Le Brun agenouill\u00e9 \u00e0 droite sur la photo.&lt;\/p&gt;\n\" data-medium-file=\"https:\/\/i0.wp.com\/www.humericbox.com\/wp-content\/uploads\/2013\/06\/algerie_yvon-le-brun_06.jpg?fit=300%2C288&amp;ssl=1\" data-large-file=\"https:\/\/i0.wp.com\/www.humericbox.com\/wp-content\/uploads\/2013\/06\/algerie_yvon-le-brun_06.jpg?fit=584%2C561&amp;ssl=1\" class=\"size-full wp-image-1908\" src=\"https:\/\/i0.wp.com\/www.humericbox.com\/wp-content\/uploads\/2013\/06\/algerie_yvon-le-brun_06.jpg?resize=584%2C561&#038;ssl=1\" alt=\"Au moment du d\u00e9part en op\u00e9ration, Yvon Le Brun agenouill\u00e9 \u00e0 droite sur la photo.\" width=\"584\" height=\"561\" srcset=\"https:\/\/i0.wp.com\/www.humericbox.com\/wp-content\/uploads\/2013\/06\/algerie_yvon-le-brun_06.jpg?w=600&amp;ssl=1 600w, https:\/\/i0.wp.com\/www.humericbox.com\/wp-content\/uploads\/2013\/06\/algerie_yvon-le-brun_06.jpg?resize=300%2C288&amp;ssl=1 300w, https:\/\/i0.wp.com\/www.humericbox.com\/wp-content\/uploads\/2013\/06\/algerie_yvon-le-brun_06.jpg?resize=312%2C300&amp;ssl=1 312w\" sizes=\"auto, (max-width: 584px) 100vw, 584px\" \/><p id=\"caption-attachment-1908\" class=\"wp-caption-text\">Au moment du d\u00e9part en op\u00e9ration, Yvon Le Brun agenouill\u00e9 \u00e0 droite sur la photo.<\/p><\/div>\n<p>Les moments de silence se font de plus en plus pr\u00e9sents. Yvon me parle encore un peu de son retour en France, des regrets, du mal qu&#8217;il aura \u00e0 vivre apr\u00e8s avoir referm\u00e9 l&#8217;album photos. Je comprends qu&#8217;il est temps de clore bient\u00f4t l&#8217;enregistrement.<br \/>\n<strong>\u2014 Le retour, s&#8217;est fait dans l&#8217;indiff\u00e9rence. Il fallait m\u00e9nager les susceptibilit\u00e9s du peuple. Ma m\u00e8re, elle, croyait que j&#8217;\u00e9tais en vacances l\u00e0-bas. La radio racontait ce qu&#8217;elle voulait. Que des mensonges. Les parents croyaient qu&#8217;on \u00e9tait en mission de maintien de l&#8217;ordre. Maintien de l&#8217;ordre, qu&#8217;est ce que \u00e7a veut dire. Pour \u00e9viter les manifestations. Mais, ce n&#8217;\u00e9tait pas du tout \u00e7a. C&#8217;est pour \u00e7a qu&#8217;on n&#8217;aime pas en parler. L\u00e0, j&#8217;ai l&#8217;estomac nou\u00e9. Je suis quelqu&#8217;un d&#8217;assez calme. Mais \u00e7a, \u00e7a me travaille. Et si j&#8217;en parle, pendant 8 jours je ne vais pas dormir. Il y a trop de souvenirs qui reviennent et l\u00e0, c&#8217;est pas bon. J&#8217;ai r\u00e9ussi \u00e0 chasser \u00e7a. \u00c0 ne pas en parler. M\u00eame \u00e0 mes enfants quand ils voulaient savoir quelque chose&#8230;j&#8217;expliquais pourquoi je ne pouvais pas. Comme \u00e7a, ils comprenaient et n&#8217;insistaient pas trop. La guerre est un traumatisme que l&#8217;on ne peut pas comprendre quand on ne l&#8217;a pas v\u00e9cue. Surtout ce genre de guerre, c&#8217;est d\u00e9gueulasse, c&#8217;est pas beau.<\/strong><\/p>\n<p><span style=\"color: #0000ff;\"><strong>La guerre d&#8217;Alg\u00e9rie aura tu\u00e9 plus de 30 000 soldats fran\u00e7ais &#8211; des milliers d&#8217;autres atteints de graves s\u00e9quelles &#8211; 400 000 Alg\u00e9riens tu\u00e9s &#8211; 1 million 500 000 paysans d\u00e9plac\u00e9s.<img data-recalc-dims=\"1\" loading=\"lazy\" decoding=\"async\" data-attachment-id=\"1814\" data-permalink=\"https:\/\/www.humericbox.com\/?attachment_id=1814\" data-orig-file=\"https:\/\/i0.wp.com\/www.humericbox.com\/wp-content\/uploads\/2013\/05\/algerie_yvon-lebrun_07.jpg?fit=600%2C398&amp;ssl=1\" data-orig-size=\"600,398\" data-comments-opened=\"1\" data-image-meta=\"{&quot;aperture&quot;:&quot;4&quot;,&quot;credit&quot;:&quot;&quot;,&quot;camera&quot;:&quot;&quot;,&quot;caption&quot;:&quot;&quot;,&quot;created_timestamp&quot;:&quot;1369221829&quot;,&quot;copyright&quot;:&quot;&quot;,&quot;focal_length&quot;:&quot;22&quot;,&quot;iso&quot;:&quot;400&quot;,&quot;shutter_speed&quot;:&quot;0.011111111111111&quot;,&quot;title&quot;:&quot;&quot;}\" data-image-title=\"algerie_yvon lebrun_07\" data-image-description=\"\" data-image-caption=\"\" data-medium-file=\"https:\/\/i0.wp.com\/www.humericbox.com\/wp-content\/uploads\/2013\/05\/algerie_yvon-lebrun_07.jpg?fit=300%2C199&amp;ssl=1\" data-large-file=\"https:\/\/i0.wp.com\/www.humericbox.com\/wp-content\/uploads\/2013\/05\/algerie_yvon-lebrun_07.jpg?fit=584%2C387&amp;ssl=1\" class=\"alignleft size-full wp-image-1814\" src=\"https:\/\/i0.wp.com\/www.humericbox.com\/wp-content\/uploads\/2013\/05\/algerie_yvon-lebrun_07.jpg?resize=584%2C387&#038;ssl=1\" alt=\"algerie_yvon lebrun_07\" width=\"584\" height=\"387\" srcset=\"https:\/\/i0.wp.com\/www.humericbox.com\/wp-content\/uploads\/2013\/05\/algerie_yvon-lebrun_07.jpg?w=600&amp;ssl=1 600w, https:\/\/i0.wp.com\/www.humericbox.com\/wp-content\/uploads\/2013\/05\/algerie_yvon-lebrun_07.jpg?resize=300%2C199&amp;ssl=1 300w, https:\/\/i0.wp.com\/www.humericbox.com\/wp-content\/uploads\/2013\/05\/algerie_yvon-lebrun_07.jpg?resize=452%2C300&amp;ssl=1 452w\" sizes=\"auto, (max-width: 584px) 100vw, 584px\" \/><\/strong><\/span><\/p>\n<p><i>Yvon Le Brun, a \u00e9t\u00e9 incorpor\u00e9 en 1956 <i>(contingent 56\/2C)<\/i>\u00a0\u00e0 l&#8217;\u00e2ge de 19 ans en Alg\u00e9rie pour une dur\u00e9e de 33 mois au 1er R\u00e9giment d&#8217;Infanterie . En 33 mois de guerre, il n&#8217;a obtenu que 12 jours de permission pour voir sa famille.\u00a0<\/i><i>Il \u00e9tait radiot\u00e9l\u00e9graphiste (transmission radio des messages en morse).\u00a0<\/i><i>Aujourd&#8217;hui ag\u00e9 de 76 ans, c&#8217;est un membre de longue date de l&#8217;UNC (Union des Anciens Combattants). Chaque ann\u00e9e, les anciens d&#8217;Alg\u00e9rie voient leur rangs diminuer. C&#8217;est une partie de notre m\u00e9moire collective qui dispara\u00eet.<\/i><\/p>\n<p><i>Je remercie Yvon Le Brun pour avoir accept\u00e9 de me livrer un peu de sa vie pass\u00e9e, malgr\u00e9 les souffrances que ma pr\u00e9sence a d\u00fb raviver. Merci aussi \u00e0 Sabina pour son accueil. Et un salut particulier \u00e0 son tr\u00e8s cher ami Raymond Hamel avec lequel il peut partager sans un mot sa jeunesse vol\u00e9e<\/i>.<\/p>\n<p>&nbsp;<\/p>\n","protected":false},"excerpt":{"rendered":"<p>Je les ai rencontr\u00e9s tous deux s&#8217;en allant tranquillement, leurs drapeaux sous le bras avec sans doute le sentiment d&#8217;un devoir de m\u00e9moire bien accompli. Il y avait peu de monde pour cette comm\u00e9moration du 8 mai 1944 \u00e0 Carteret &hellip; <a href=\"https:\/\/www.humericbox.com\/?p=1803\">Continuer la lecture <span class=\"meta-nav\">&rarr;<\/span><\/a><\/p>\n","protected":false},"author":1,"featured_media":0,"comment_status":"open","ping_status":"open","sticky":false,"template":"","format":"standard","meta":{"_s2mail":"yes","jetpack_post_was_ever_published":false,"_jetpack_newsletter_access":"","_jetpack_dont_email_post_to_subs":false,"_jetpack_newsletter_tier_id":0,"_jetpack_memberships_contains_paywalled_content":false,"_jetpack_memberships_contains_paid_content":false,"footnotes":"","jetpack_publicize_message":"","jetpack_publicize_feature_enabled":true,"jetpack_social_post_already_shared":true,"jetpack_social_options":{"image_generator_settings":{"template":"highway","default_image_id":0,"font":"","enabled":false},"version":2}},"categories":[3],"tags":[92,114,108],"class_list":["post-1803","post","type-post","status-publish","format-standard","hentry","category-reportage-photo","tag-cotentin","tag-photos","tag-portrait"],"jetpack_publicize_connections":[],"jetpack_featured_media_url":"","jetpack_shortlink":"https:\/\/wp.me\/p23bL2-t5","jetpack_sharing_enabled":true,"jetpack_likes_enabled":true,"_links":{"self":[{"href":"https:\/\/www.humericbox.com\/index.php?rest_route=\/wp\/v2\/posts\/1803","targetHints":{"allow":["GET"]}}],"collection":[{"href":"https:\/\/www.humericbox.com\/index.php?rest_route=\/wp\/v2\/posts"}],"about":[{"href":"https:\/\/www.humericbox.com\/index.php?rest_route=\/wp\/v2\/types\/post"}],"author":[{"embeddable":true,"href":"https:\/\/www.humericbox.com\/index.php?rest_route=\/wp\/v2\/users\/1"}],"replies":[{"embeddable":true,"href":"https:\/\/www.humericbox.com\/index.php?rest_route=%2Fwp%2Fv2%2Fcomments&post=1803"}],"version-history":[{"count":0,"href":"https:\/\/www.humericbox.com\/index.php?rest_route=\/wp\/v2\/posts\/1803\/revisions"}],"wp:attachment":[{"href":"https:\/\/www.humericbox.com\/index.php?rest_route=%2Fwp%2Fv2%2Fmedia&parent=1803"}],"wp:term":[{"taxonomy":"category","embeddable":true,"href":"https:\/\/www.humericbox.com\/index.php?rest_route=%2Fwp%2Fv2%2Fcategories&post=1803"},{"taxonomy":"post_tag","embeddable":true,"href":"https:\/\/www.humericbox.com\/index.php?rest_route=%2Fwp%2Fv2%2Ftags&post=1803"}],"curies":[{"name":"wp","href":"https:\/\/api.w.org\/{rel}","templated":true}]}}